{"id":25469,"date":"2025-07-21T00:56:30","date_gmt":"2025-07-20T23:56:30","guid":{"rendered":"https:\/\/anakena-cosmetics.cl\/?p=25469"},"modified":"2025-07-21T01:35:21","modified_gmt":"2025-07-21T00:35:21","slug":"anakena-en-esquina-bo-bienestar-y-cosmetica-natural-en-puerto-varas","status":"publish","type":"post","link":"https:\/\/anakena-cosmetics.cl\/es\/anakena-en-esquina-bo-bienestar-y-cosmetica-natural-en-puerto-varas\/","title":{"rendered":"Anakena en Esquina B\u00f4: bienestar y cosm\u00e9tica natural en Puerto Varas"},"content":{"rendered":"\n<p>Estamos muy felices de que Esquina B\u00f4, una tienda consciente ubicada en el coraz\u00f3n de Puerto Varas, sea uno de nuestros puntos de venta para Anakena &#8211; Natural Cosmetics.<br \/><br \/>Esquina B\u00f4, cuyo nombre significa \u201c\u00e1rbol\u201d en s\u00e1nscrito \u2014refiri\u00e9ndose al Ficus Religiosa, el \u00e1rbol bajo el cual Buda alcanz\u00f3 la iluminaci\u00f3n\u2014, es un rinc\u00f3n donde cada persona puede vivir una experiencia integral y consciente.<br \/><br \/>La tienda tiene casi tres a\u00f1os ofreciendo productos que promueven el bienestar. Su oferta se divide en cinco grupos: alimentaci\u00f3n (con productos para alergias, sin gluten, org\u00e1nicos, sin az\u00facar, infusiones, caf\u00e9s y m\u00e1s), cosm\u00e9tica integral y natural, suplementos, aromaterapia y productos para el hogar.<\/p>\n<p>Cristina Vald\u00e9s, fundadora y due\u00f1a de Esquina B\u00f4, junto con sus colaboradoras Augusta y Valeria, brindan una atenci\u00f3n c\u00e1lida y personalizada. Ellas comparten la pasi\u00f3n por crear un espacio donde la calidad, la sostenibilidad y el respeto por la naturaleza se reflejan en cada detalle. Su compromiso con el bienestar individual y colectivo se nota en la selecci\u00f3n de productos, el apoyo a peque\u00f1os emprendedores y la promoci\u00f3n de un consumo consciente y responsable. En Esquina B\u00f4, cada compra es un acto de amor hacia lo aut\u00e9ntico y lo local, y gracias a este equipo, el sue\u00f1o se ha convertido en una realidad vibrante que inspira a la comunidad.<br \/><br \/>Nos enorgullece que nuestros productos Anakena formen parte de esta propuesta, acercando la cosm\u00e9tica natural y aut\u00e9ntica a quienes buscan opciones que mejoren su bienestar y sean respetuosas con su salud y el medio ambiente.<br \/><br \/>Agradecemos a Esquina B\u00f4 por confiar en nuestra marca y ser parte de esta red que impulsa el bienestar.<\/p>\n<p>Contacto:<br \/>Esquina B\u00f4<br \/>Santa Rosa 306, Local B<br \/>Puerto Varas, Regi\u00f3n de Los Lagos<br \/>Tel\u00e9fono: <a href=\"tel:+56994492284\" target=\"_blank\" rel=\"noopener\">+569 94492284<\/a><br \/>Con\u00e9ctate con Esquina B\u00f4 en sus redes sociales:<br \/>Instagram: <a href=\"https:\/\/www.instagram.com\/esquinabo\" target=\"_blank\" rel=\"noopener\"><span style=\"color: #a08601;\">@esquinabo<\/span><\/a><br \/>Facebook: <a href=\"https:\/\/www.facebook.com\/esquinabo\" target=\"_blank\" rel=\"noopener\"><span style=\"color: #a08601;\">esquinabo<\/span><\/a><br \/>Web: <a href=\"https:\/\/esquinabo.cl\/\" target=\"_blank\" rel=\"noopener\"><span style=\"color: #a08601;\">https:\/\/esquinabo.cl\/<\/span><\/a><br \/><br \/>Horario de atenci\u00f3n:<br \/>Lunes a viernes: de 10:00 a 19:00 horas<br \/>S\u00e1bados, domingos y festivos: de 11:00 a 19:00 horas<\/p>\n<div id='gallery-1' class='gallery galleryid-25469 gallery-columns-3 gallery-size-medium'><figure class='gallery-item'>\n\t\t\t<div class='gallery-icon landscape'>\n\t\t\t\t<a href=\"https:\/\/anakena-cosmetics.cl\/es\/anakena-en-esquina-bo-bienestar-y-cosmetica-natural-en-puerto-varas\/3-18\/\"><img fetchpriority=\"high\" decoding=\"async\" width=\"300\" height=\"217\" src=\"https:\/\/anakena-cosmetics.cl\/wp-content\/uploads\/2025\/07\/3-1-300x217.png\" class=\"attachment-medium size-medium\" alt=\"\" srcset=\"https:\/\/anakena-cosmetics.cl\/wp-content\/uploads\/2025\/07\/3-1-300x217.png 300w, https:\/\/anakena-cosmetics.cl\/wp-content\/uploads\/2025\/07\/3-1-768x556.png 768w, https:\/\/anakena-cosmetics.cl\/wp-content\/uploads\/2025\/07\/3-1-18x12.png 18w, https:\/\/anakena-cosmetics.cl\/wp-content\/uploads\/2025\/07\/3-1.png 940w\" sizes=\"(max-width: 300px) 100vw, 300px\" \/><\/a>\n\t\t\t<\/div><\/figure><figure class='gallery-item'>\n\t\t\t<div class='gallery-icon landscape'>\n\t\t\t\t<a href=\"https:\/\/anakena-cosmetics.cl\/es\/anakena-en-esquina-bo-bienestar-y-cosmetica-natural-en-puerto-varas\/1-15\/\"><img decoding=\"async\" width=\"300\" height=\"217\" src=\"https:\/\/anakena-cosmetics.cl\/wp-content\/uploads\/2025\/07\/1-1-300x217.png\" class=\"attachment-medium size-medium\" alt=\"\" srcset=\"https:\/\/anakena-cosmetics.cl\/wp-content\/uploads\/2025\/07\/1-1-300x217.png 300w, https:\/\/anakena-cosmetics.cl\/wp-content\/uploads\/2025\/07\/1-1-768x556.png 768w, https:\/\/anakena-cosmetics.cl\/wp-content\/uploads\/2025\/07\/1-1-18x12.png 18w, https:\/\/anakena-cosmetics.cl\/wp-content\/uploads\/2025\/07\/1-1.png 940w\" sizes=\"(max-width: 300px) 100vw, 300px\" \/><\/a>\n\t\t\t<\/div><\/figure><figure class='gallery-item'>\n\t\t\t<div class='gallery-icon landscape'>\n\t\t\t\t<a href=\"https:\/\/anakena-cosmetics.cl\/es\/anakena-en-esquina-bo-bienestar-y-cosmetica-natural-en-puerto-varas\/6-9\/\"><img decoding=\"async\" width=\"300\" height=\"217\" src=\"https:\/\/anakena-cosmetics.cl\/wp-content\/uploads\/2025\/07\/6-300x217.png\" class=\"attachment-medium size-medium\" alt=\"\" srcset=\"https:\/\/anakena-cosmetics.cl\/wp-content\/uploads\/2025\/07\/6-300x217.png 300w, https:\/\/anakena-cosmetics.cl\/wp-content\/uploads\/2025\/07\/6-768x556.png 768w, https:\/\/anakena-cosmetics.cl\/wp-content\/uploads\/2025\/07\/6-18x12.png 18w, https:\/\/anakena-cosmetics.cl\/wp-content\/uploads\/2025\/07\/6.png 940w\" sizes=\"(max-width: 300px) 100vw, 300px\" \/><\/a>\n\t\t\t<\/div><\/figure><figure class='gallery-item'>\n\t\t\t<div class='gallery-icon landscape'>\n\t\t\t\t<a href=\"https:\/\/anakena-cosmetics.cl\/es\/anakena-en-esquina-bo-bienestar-y-cosmetica-natural-en-puerto-varas\/2-19\/\"><img loading=\"lazy\" decoding=\"async\" width=\"300\" height=\"217\" src=\"https:\/\/anakena-cosmetics.cl\/wp-content\/uploads\/2025\/07\/2-1-300x217.png\" class=\"attachment-medium size-medium\" alt=\"\" srcset=\"https:\/\/anakena-cosmetics.cl\/wp-content\/uploads\/2025\/07\/2-1-300x217.png 300w, https:\/\/anakena-cosmetics.cl\/wp-content\/uploads\/2025\/07\/2-1-768x556.png 768w, https:\/\/anakena-cosmetics.cl\/wp-content\/uploads\/2025\/07\/2-1-18x12.png 18w, https:\/\/anakena-cosmetics.cl\/wp-content\/uploads\/2025\/07\/2-1.png 940w\" sizes=\"(max-width: 300px) 100vw, 300px\" \/><\/a>\n\t\t\t<\/div><\/figure><figure class='gallery-item'>\n\t\t\t<div class='gallery-icon landscape'>\n\t\t\t\t<a href=\"https:\/\/anakena-cosmetics.cl\/es\/anakena-en-esquina-bo-bienestar-y-cosmetica-natural-en-puerto-varas\/5-13\/\"><img loading=\"lazy\" decoding=\"async\" width=\"300\" height=\"217\" src=\"https:\/\/anakena-cosmetics.cl\/wp-content\/uploads\/2025\/07\/5-1-300x217.png\" class=\"attachment-medium size-medium\" alt=\"\" srcset=\"https:\/\/anakena-cosmetics.cl\/wp-content\/uploads\/2025\/07\/5-1-300x217.png 300w, https:\/\/anakena-cosmetics.cl\/wp-content\/uploads\/2025\/07\/5-1-768x556.png 768w, https:\/\/anakena-cosmetics.cl\/wp-content\/uploads\/2025\/07\/5-1-18x12.png 18w, https:\/\/anakena-cosmetics.cl\/wp-content\/uploads\/2025\/07\/5-1.png 940w\" sizes=\"(max-width: 300px) 100vw, 300px\" \/><\/a>\n\t\t\t<\/div><\/figure><figure class='gallery-item'>\n\t\t\t<div class='gallery-icon landscape'>\n\t\t\t\t<a href=\"https:\/\/anakena-cosmetics.cl\/es\/anakena-en-esquina-bo-bienestar-y-cosmetica-natural-en-puerto-varas\/4-17\/\"><img loading=\"lazy\" decoding=\"async\" width=\"300\" height=\"217\" src=\"https:\/\/anakena-cosmetics.cl\/wp-content\/uploads\/2025\/07\/4-1-300x217.png\" class=\"attachment-medium size-medium\" alt=\"\" srcset=\"https:\/\/anakena-cosmetics.cl\/wp-content\/uploads\/2025\/07\/4-1-300x217.png 300w, https:\/\/anakena-cosmetics.cl\/wp-content\/uploads\/2025\/07\/4-1-768x556.png 768w, https:\/\/anakena-cosmetics.cl\/wp-content\/uploads\/2025\/07\/4-1-18x12.png 18w, https:\/\/anakena-cosmetics.cl\/wp-content\/uploads\/2025\/07\/4-1.png 940w\" sizes=\"(max-width: 300px) 100vw, 300px\" \/><\/a>\n\t\t\t<\/div><\/figure>\n\t\t<\/div>\n\n<p>Cr\u00e9ditos fotos: Sylvia Cristina Vald\u00e9s A., Kumandra SpA<\/p>\n","protected":false},"excerpt":{"rendered":"<p>Estamos muy felices de que Esquina B\u00f4, una tienda consciente ubicada en el coraz\u00f3n de Puerto Varas, sea uno de nuestros puntos de venta para Anakena &#8211; Natural Cosmetics. Esquina B\u00f4, cuyo nombre significa \u201c\u00e1rbol\u201d en s\u00e1nscrito \u2014refiri\u00e9ndose al Ficus Religiosa, el \u00e1rbol bajo el cual Buda alcanz\u00f3 la iluminaci\u00f3n\u2014, es un rinc\u00f3n donde cada [&hellip;]<\/p>\n","protected":false},"author":8,"featured_media":25478,"comment_status":"closed","ping_status":"closed","sticky":false,"template":"","format":"standard","meta":{"_acf_changed":false,"inline_featured_image":false,"ocean_post_layout":"","ocean_both_sidebars_style":"","ocean_both_sidebars_content_width":0,"ocean_both_sidebars_sidebars_width":0,"ocean_sidebar":"","ocean_second_sidebar":"","ocean_disable_margins":"enable","ocean_add_body_class":"","ocean_shortcode_before_top_bar":"","ocean_shortcode_after_top_bar":"","ocean_shortcode_before_header":"","ocean_shortcode_after_header":"","ocean_has_shortcode":"","ocean_shortcode_after_title":"","ocean_shortcode_before_footer_widgets":"","ocean_shortcode_after_footer_widgets":"","ocean_shortcode_before_footer_bottom":"","ocean_shortcode_after_footer_bottom":"","ocean_display_top_bar":"default","ocean_display_header":"default","ocean_header_style":"","ocean_center_header_left_menu":"","ocean_custom_header_template":"","ocean_custom_logo":0,"ocean_custom_retina_logo":0,"ocean_custom_logo_max_width":0,"ocean_custom_logo_tablet_max_width":0,"ocean_custom_logo_mobile_max_width":0,"ocean_custom_logo_max_height":0,"ocean_custom_logo_tablet_max_height":0,"ocean_custom_logo_mobile_max_height":0,"ocean_header_custom_menu":"","ocean_menu_typo_font_family":"","ocean_menu_typo_font_subset":"","ocean_menu_typo_font_size":0,"ocean_menu_typo_font_size_tablet":0,"ocean_menu_typo_font_size_mobile":0,"ocean_menu_typo_font_size_unit":"px","ocean_menu_typo_font_weight":"","ocean_menu_typo_font_weight_tablet":"","ocean_menu_typo_font_weight_mobile":"","ocean_menu_typo_transform":"","ocean_menu_typo_transform_tablet":"","ocean_menu_typo_transform_mobile":"","ocean_menu_typo_line_height":0,"ocean_menu_typo_line_height_tablet":0,"ocean_menu_typo_line_height_mobile":0,"ocean_menu_typo_line_height_unit":"","ocean_menu_typo_spacing":0,"ocean_menu_typo_spacing_tablet":0,"ocean_menu_typo_spacing_mobile":0,"ocean_menu_typo_spacing_unit":"","ocean_menu_link_color":"","ocean_menu_link_color_hover":"","ocean_menu_link_color_active":"","ocean_menu_link_background":"","ocean_menu_link_hover_background":"","ocean_menu_link_active_background":"","ocean_menu_social_links_bg":"","ocean_menu_social_hover_links_bg":"","ocean_menu_social_links_color":"","ocean_menu_social_hover_links_color":"","ocean_disable_title":"default","ocean_disable_heading":"default","ocean_post_title":"","ocean_post_subheading":"","ocean_post_title_style":"","ocean_post_title_background_color":"","ocean_post_title_background":0,"ocean_post_title_bg_image_position":"","ocean_post_title_bg_image_attachment":"","ocean_post_title_bg_image_repeat":"","ocean_post_title_bg_image_size":"","ocean_post_title_height":0,"ocean_post_title_bg_overlay":0.5,"ocean_post_title_bg_overlay_color":"","ocean_disable_breadcrumbs":"default","ocean_breadcrumbs_color":"","ocean_breadcrumbs_separator_color":"","ocean_breadcrumbs_links_color":"","ocean_breadcrumbs_links_hover_color":"","ocean_display_footer_widgets":"default","ocean_display_footer_bottom":"default","ocean_custom_footer_template":"","ocean_post_oembed":"","ocean_post_self_hosted_media":"","ocean_post_video_embed":"","ocean_link_format":"","ocean_link_format_target":"self","ocean_quote_format":"","ocean_quote_format_link":"post","ocean_gallery_link_images":"on","ocean_gallery_id":[],"footnotes":""},"categories":[127,820],"tags":[],"class_list":["post-25469","post","type-post","status-publish","format-standard","has-post-thumbnail","hentry","category-puntos-de-venta","category-sur-de-chile","entry","has-media"],"acf":[],"amp_enabled":true,"_links":{"self":[{"href":"https:\/\/anakena-cosmetics.cl\/es\/wp-json\/wp\/v2\/posts\/25469","targetHints":{"allow":["GET"]}}],"collection":[{"href":"https:\/\/anakena-cosmetics.cl\/es\/wp-json\/wp\/v2\/posts"}],"about":[{"href":"https:\/\/anakena-cosmetics.cl\/es\/wp-json\/wp\/v2\/types\/post"}],"author":[{"embeddable":true,"href":"https:\/\/anakena-cosmetics.cl\/es\/wp-json\/wp\/v2\/users\/8"}],"replies":[{"embeddable":true,"href":"https:\/\/anakena-cosmetics.cl\/es\/wp-json\/wp\/v2\/comments?post=25469"}],"version-history":[{"count":7,"href":"https:\/\/anakena-cosmetics.cl\/es\/wp-json\/wp\/v2\/posts\/25469\/revisions"}],"predecessor-version":[{"id":25488,"href":"https:\/\/anakena-cosmetics.cl\/es\/wp-json\/wp\/v2\/posts\/25469\/revisions\/25488"}],"wp:featuredmedia":[{"embeddable":true,"href":"https:\/\/anakena-cosmetics.cl\/es\/wp-json\/wp\/v2\/media\/25478"}],"wp:attachment":[{"href":"https:\/\/anakena-cosmetics.cl\/es\/wp-json\/wp\/v2\/media?parent=25469"}],"wp:term":[{"taxonomy":"category","embeddable":true,"href":"https:\/\/anakena-cosmetics.cl\/es\/wp-json\/wp\/v2\/categories?post=25469"},{"taxonomy":"post_tag","embeddable":true,"href":"https:\/\/anakena-cosmetics.cl\/es\/wp-json\/wp\/v2\/tags?post=25469"}],"curies":[{"name":"wp","href":"https:\/\/api.w.org\/{rel}","templated":true}]}}