{"id":24835,"date":"2025-05-05T23:49:20","date_gmt":"2025-05-05T22:49:20","guid":{"rendered":"https:\/\/anakena-cosmetics.cl\/?p=24835"},"modified":"2025-06-15T22:53:02","modified_gmt":"2025-06-15T21:53:02","slug":"autocuidado-diario-pequenos-rituales-para-reconectar-contigo-misma","status":"publish","type":"post","link":"https:\/\/anakena-cosmetics.cl\/es\/autocuidado-diario-pequenos-rituales-para-reconectar-contigo-misma\/","title":{"rendered":"Autocuidado diario: peque\u00f1os rituales para reconectar contigo misma"},"content":{"rendered":"\n<p>Hoy en d\u00eda, muchas personas viven bajo una enorme presi\u00f3n. El ritmo diario est\u00e1 marcado por infinitas tareas, disponibilidad constante y un flujo interminable de informaci\u00f3n proveniente de noticias y redes sociales. Esta sobrecarga de est\u00edmulos, sumada a la sensaci\u00f3n de estar atrapadas en un cors\u00e9 de obligaciones y expectativas, conduce frecuentemente al agotamiento y la desconexi\u00f3n personal. Diversos estudios han demostrado que nuestro cerebro no est\u00e1 preparado para soportar tantos est\u00edmulos de manera permanente, lo que a largo plazo genera estr\u00e9s y un distanciamiento de nuestro propio bienestar.<\/p>\n<h2>El arte de soltar: inspiraci\u00f3n de Mel Robbins<\/h2>\n<p>La autora Mel Robbins, en su libro The Let Them Theory (La teor\u00eda de dejarlos ser), resalta la importancia de soltar aquello que no podemos controlar. Al enfocarnos en lo que s\u00ed est\u00e1 en nuestro alcance, recuperamos la calma y la claridad interior. Esta perspectiva nos ayuda a liberarnos de cargas innecesarias y a poner el foco en nuestro propio bienestar. Practicar pausas conscientes y permitirnos tomar distancia de las expectativas externas se convierte as\u00ed en una necesidad para cuidar de nosotros mismos.<\/p>\n<h2>El autocuidado pr\u00e1ctico seg\u00fan Martha Beck<\/h2>\n<p>Martha Beck, en su libro Beyond Anxiety (M\u00e1s all\u00e1 de la ansiedad), ofrece estrategias pr\u00e1cticas para reducir el estr\u00e9s y proteger nuestras fronteras personales. Nos ense\u00f1a la importancia de escuchar nuestras necesidades y de integrar peque\u00f1os rituales de autocuidado en la vida cotidiana. Puede ser algo tan sencillo como un momento de silencio, una caminata al aire libre o un instante de dedicaci\u00f3n consciente al aplicar un producto de cuidado personal.<\/p>\n<p>Cada peque\u00f1o gesto importa: cuidar de nosotras mismas es un acto de respeto y amor propio. As\u00ed como no tenemos un \u00abcoraz\u00f3n de hierro\u00bb, reconocer nuestras necesidades emocionales es un primer paso fundamental para fortalecer nuestro bienestar.<\/p>\n<h2>Anakena: rituales de autocuidado inspirados en la Polinesia<\/h2>\n<p>En este camino hacia el autocuidado, los productos de Anakena \u2013 Natural Cosmetics se convierten en aliados que nos invitan a reconectar con nuestra esencia. Inspirados en la serenidad y la fuerza de la Polinesia, nuestros productos combinan ingredientes naturales que no solo nutren la piel, sino tambi\u00e9n calman los sentidos.<\/p>\n<p>Un ba\u00f1o c\u00e1lido con nuestro aceite Mono\u00ef de Tahiti Tiar\u00e9 se transforma en un refugio de tranquilidad: la delicada fragancia de la flor de Tiar\u00e9 envuelve el espacio y nos transporta a recuerdos de sol, mar y vacaciones de verano.<br \/>Al aplicar nuestro Body Butter (manteca corporal), es posible imaginar que nos envolvemos en un manto protector y fragante, como un abrazo de cuidado personal que nos fortalece desde adentro.<br \/>Y al masajear suavemente nuestra crema facial multiactiva sobre la piel, podemos acompa\u00f1ar el gesto con una afirmaci\u00f3n positiva:<br \/>\u00abSoy suficiente.\u00bb<br \/>\u00abHoy me trato con amabilidad.\u00bb<br \/>\u00abNo soy tan exigente conmigo misma.\u00bb<br \/>\u00abMe permito encontrar calma en mi interior y en mi exterior.\u00bb<\/p>\n<p>Cada uno de estos peque\u00f1os rituales no es simplemente un acto de belleza, sino una forma de honrarnos, de recordarnos que cuidarnos es una prioridad vital.<\/p>\n<h2>Un momento para ti \u2013 todos los d\u00edas<\/h2>\n<p>La verdadera fuerza de la atenci\u00f3n plena (mindfulness) no reside en m\u00e9todos complicados, sino en peque\u00f1os actos conscientes que podemos incorporar en nuestro d\u00eda a d\u00eda. Un instante frente al espejo, una respiraci\u00f3n profunda, un toque suave sobre la piel: cada detalle puede convertirse en una invitaci\u00f3n a volver a ti misma.<\/p>\n<p>Los productos de Anakena \u2013 Natural Cosmetics te acompa\u00f1an en este camino: te ofrecen momentos de conexi\u00f3n a trav\u00e9s de texturas naturales, fragancias envolventes y gestos de cuidado que renuevan tu energ\u00eda desde adentro.<\/p>\n<p>Te invitamos a descubrir algunas pr\u00e1cticas simples de atenci\u00f3n plena (<em data-start=\"793\" data-end=\"806\">mindfulness<\/em>) que puedes integrar f\u00e1cilmente en tu vida diaria \u2013 gestos peque\u00f1os, pero profundos en su efecto. Tal vez alguna de ellas se convierta en tu nuevo ritual de bienestar.<\/p>\n<div id='gallery-1' class='gallery galleryid-24835 gallery-columns-3 gallery-size-medium'><figure class='gallery-item'>\n\t\t\t<div class='gallery-icon landscape'>\n\t\t\t\t<a href='https:\/\/anakena-cosmetics.cl\/es\/autocuidado-diario-pequenos-rituales-para-reconectar-contigo-misma\/1-13\/'><img fetchpriority=\"high\" decoding=\"async\" width=\"300\" height=\"300\" src=\"https:\/\/anakena-cosmetics.cl\/wp-content\/uploads\/2025\/04\/1-300x300.png\" class=\"attachment-medium size-medium\" alt=\"\" srcset=\"https:\/\/anakena-cosmetics.cl\/wp-content\/uploads\/2025\/04\/1-300x300.png 300w, https:\/\/anakena-cosmetics.cl\/wp-content\/uploads\/2025\/04\/1-1024x1024.png 1024w, https:\/\/anakena-cosmetics.cl\/wp-content\/uploads\/2025\/04\/1-150x150.png 150w, https:\/\/anakena-cosmetics.cl\/wp-content\/uploads\/2025\/04\/1-768x768.png 768w, https:\/\/anakena-cosmetics.cl\/wp-content\/uploads\/2025\/04\/1-1536x1536.png 1536w, https:\/\/anakena-cosmetics.cl\/wp-content\/uploads\/2025\/04\/1-12x12.png 12w, https:\/\/anakena-cosmetics.cl\/wp-content\/uploads\/2025\/04\/1-600x600.png 600w, https:\/\/anakena-cosmetics.cl\/wp-content\/uploads\/2025\/04\/1.png 2025w\" sizes=\"(max-width: 300px) 100vw, 300px\" \/><\/a>\n\t\t\t<\/div><\/figure><figure class='gallery-item'>\n\t\t\t<div class='gallery-icon landscape'>\n\t\t\t\t<a href='https:\/\/anakena-cosmetics.cl\/es\/autocuidado-diario-pequenos-rituales-para-reconectar-contigo-misma\/2-17\/'><img decoding=\"async\" width=\"300\" height=\"300\" src=\"https:\/\/anakena-cosmetics.cl\/wp-content\/uploads\/2025\/04\/2-300x300.png\" class=\"attachment-medium size-medium\" alt=\"\" srcset=\"https:\/\/anakena-cosmetics.cl\/wp-content\/uploads\/2025\/04\/2-300x300.png 300w, https:\/\/anakena-cosmetics.cl\/wp-content\/uploads\/2025\/04\/2-1024x1024.png 1024w, https:\/\/anakena-cosmetics.cl\/wp-content\/uploads\/2025\/04\/2-150x150.png 150w, https:\/\/anakena-cosmetics.cl\/wp-content\/uploads\/2025\/04\/2-768x768.png 768w, https:\/\/anakena-cosmetics.cl\/wp-content\/uploads\/2025\/04\/2-1536x1536.png 1536w, https:\/\/anakena-cosmetics.cl\/wp-content\/uploads\/2025\/04\/2-12x12.png 12w, https:\/\/anakena-cosmetics.cl\/wp-content\/uploads\/2025\/04\/2-600x600.png 600w, https:\/\/anakena-cosmetics.cl\/wp-content\/uploads\/2025\/04\/2.png 2025w\" sizes=\"(max-width: 300px) 100vw, 300px\" \/><\/a>\n\t\t\t<\/div><\/figure><figure class='gallery-item'>\n\t\t\t<div class='gallery-icon landscape'>\n\t\t\t\t<a href='https:\/\/anakena-cosmetics.cl\/es\/autocuidado-diario-pequenos-rituales-para-reconectar-contigo-misma\/3-16\/'><img decoding=\"async\" width=\"300\" height=\"300\" src=\"https:\/\/anakena-cosmetics.cl\/wp-content\/uploads\/2025\/04\/3-300x300.png\" class=\"attachment-medium size-medium\" alt=\"\" srcset=\"https:\/\/anakena-cosmetics.cl\/wp-content\/uploads\/2025\/04\/3-300x300.png 300w, https:\/\/anakena-cosmetics.cl\/wp-content\/uploads\/2025\/04\/3-1024x1024.png 1024w, https:\/\/anakena-cosmetics.cl\/wp-content\/uploads\/2025\/04\/3-150x150.png 150w, https:\/\/anakena-cosmetics.cl\/wp-content\/uploads\/2025\/04\/3-768x768.png 768w, https:\/\/anakena-cosmetics.cl\/wp-content\/uploads\/2025\/04\/3-1536x1536.png 1536w, https:\/\/anakena-cosmetics.cl\/wp-content\/uploads\/2025\/04\/3-12x12.png 12w, https:\/\/anakena-cosmetics.cl\/wp-content\/uploads\/2025\/04\/3-600x600.png 600w, https:\/\/anakena-cosmetics.cl\/wp-content\/uploads\/2025\/04\/3.png 2025w\" sizes=\"(max-width: 300px) 100vw, 300px\" \/><\/a>\n\t\t\t<\/div><\/figure><figure class='gallery-item'>\n\t\t\t<div class='gallery-icon landscape'>\n\t\t\t\t<a href='https:\/\/anakena-cosmetics.cl\/es\/autocuidado-diario-pequenos-rituales-para-reconectar-contigo-misma\/4-15\/'><img loading=\"lazy\" decoding=\"async\" width=\"300\" height=\"300\" src=\"https:\/\/anakena-cosmetics.cl\/wp-content\/uploads\/2025\/04\/4-300x300.png\" class=\"attachment-medium size-medium\" alt=\"\" srcset=\"https:\/\/anakena-cosmetics.cl\/wp-content\/uploads\/2025\/04\/4-300x300.png 300w, https:\/\/anakena-cosmetics.cl\/wp-content\/uploads\/2025\/04\/4-1024x1024.png 1024w, https:\/\/anakena-cosmetics.cl\/wp-content\/uploads\/2025\/04\/4-150x150.png 150w, https:\/\/anakena-cosmetics.cl\/wp-content\/uploads\/2025\/04\/4-768x768.png 768w, https:\/\/anakena-cosmetics.cl\/wp-content\/uploads\/2025\/04\/4-1536x1536.png 1536w, https:\/\/anakena-cosmetics.cl\/wp-content\/uploads\/2025\/04\/4-12x12.png 12w, https:\/\/anakena-cosmetics.cl\/wp-content\/uploads\/2025\/04\/4-600x600.png 600w, https:\/\/anakena-cosmetics.cl\/wp-content\/uploads\/2025\/04\/4.png 2025w\" sizes=\"(max-width: 300px) 100vw, 300px\" \/><\/a>\n\t\t\t<\/div><\/figure><figure class='gallery-item'>\n\t\t\t<div class='gallery-icon landscape'>\n\t\t\t\t<a href='https:\/\/anakena-cosmetics.cl\/es\/autocuidado-diario-pequenos-rituales-para-reconectar-contigo-misma\/5-11\/'><img loading=\"lazy\" decoding=\"async\" width=\"300\" height=\"300\" src=\"https:\/\/anakena-cosmetics.cl\/wp-content\/uploads\/2025\/04\/5-300x300.png\" class=\"attachment-medium size-medium\" alt=\"\" srcset=\"https:\/\/anakena-cosmetics.cl\/wp-content\/uploads\/2025\/04\/5-300x300.png 300w, https:\/\/anakena-cosmetics.cl\/wp-content\/uploads\/2025\/04\/5-1024x1024.png 1024w, https:\/\/anakena-cosmetics.cl\/wp-content\/uploads\/2025\/04\/5-150x150.png 150w, https:\/\/anakena-cosmetics.cl\/wp-content\/uploads\/2025\/04\/5-768x768.png 768w, https:\/\/anakena-cosmetics.cl\/wp-content\/uploads\/2025\/04\/5-1536x1536.png 1536w, https:\/\/anakena-cosmetics.cl\/wp-content\/uploads\/2025\/04\/5-12x12.png 12w, https:\/\/anakena-cosmetics.cl\/wp-content\/uploads\/2025\/04\/5-600x600.png 600w, https:\/\/anakena-cosmetics.cl\/wp-content\/uploads\/2025\/04\/5.png 2025w\" sizes=\"(max-width: 300px) 100vw, 300px\" \/><\/a>\n\t\t\t<\/div><\/figure><figure class='gallery-item'>\n\t\t\t<div class='gallery-icon landscape'>\n\t\t\t\t<a href='https:\/\/anakena-cosmetics.cl\/es\/autocuidado-diario-pequenos-rituales-para-reconectar-contigo-misma\/6-8\/'><img loading=\"lazy\" decoding=\"async\" width=\"300\" height=\"300\" src=\"https:\/\/anakena-cosmetics.cl\/wp-content\/uploads\/2025\/04\/6-300x300.png\" class=\"attachment-medium size-medium\" alt=\"\" srcset=\"https:\/\/anakena-cosmetics.cl\/wp-content\/uploads\/2025\/04\/6-300x300.png 300w, https:\/\/anakena-cosmetics.cl\/wp-content\/uploads\/2025\/04\/6-1024x1024.png 1024w, https:\/\/anakena-cosmetics.cl\/wp-content\/uploads\/2025\/04\/6-150x150.png 150w, https:\/\/anakena-cosmetics.cl\/wp-content\/uploads\/2025\/04\/6-768x768.png 768w, https:\/\/anakena-cosmetics.cl\/wp-content\/uploads\/2025\/04\/6-1536x1536.png 1536w, https:\/\/anakena-cosmetics.cl\/wp-content\/uploads\/2025\/04\/6-12x12.png 12w, https:\/\/anakena-cosmetics.cl\/wp-content\/uploads\/2025\/04\/6-600x600.png 600w, https:\/\/anakena-cosmetics.cl\/wp-content\/uploads\/2025\/04\/6.png 2025w\" sizes=\"(max-width: 300px) 100vw, 300px\" \/><\/a>\n\t\t\t<\/div><\/figure><figure class='gallery-item'>\n\t\t\t<div class='gallery-icon landscape'>\n\t\t\t\t<a href='https:\/\/anakena-cosmetics.cl\/es\/autocuidado-diario-pequenos-rituales-para-reconectar-contigo-misma\/7-11\/'><img loading=\"lazy\" decoding=\"async\" width=\"300\" height=\"300\" src=\"https:\/\/anakena-cosmetics.cl\/wp-content\/uploads\/2025\/04\/7-300x300.png\" class=\"attachment-medium size-medium\" alt=\"\" srcset=\"https:\/\/anakena-cosmetics.cl\/wp-content\/uploads\/2025\/04\/7-300x300.png 300w, https:\/\/anakena-cosmetics.cl\/wp-content\/uploads\/2025\/04\/7-1024x1024.png 1024w, https:\/\/anakena-cosmetics.cl\/wp-content\/uploads\/2025\/04\/7-150x150.png 150w, https:\/\/anakena-cosmetics.cl\/wp-content\/uploads\/2025\/04\/7-768x768.png 768w, https:\/\/anakena-cosmetics.cl\/wp-content\/uploads\/2025\/04\/7-1536x1536.png 1536w, https:\/\/anakena-cosmetics.cl\/wp-content\/uploads\/2025\/04\/7-12x12.png 12w, https:\/\/anakena-cosmetics.cl\/wp-content\/uploads\/2025\/04\/7-600x600.png 600w, https:\/\/anakena-cosmetics.cl\/wp-content\/uploads\/2025\/04\/7.png 2025w\" sizes=\"(max-width: 300px) 100vw, 300px\" \/><\/a>\n\t\t\t<\/div><\/figure><figure class='gallery-item'>\n\t\t\t<div class='gallery-icon landscape'>\n\t\t\t\t<a href='https:\/\/anakena-cosmetics.cl\/es\/autocuidado-diario-pequenos-rituales-para-reconectar-contigo-misma\/8-9\/'><img loading=\"lazy\" decoding=\"async\" width=\"300\" height=\"300\" src=\"https:\/\/anakena-cosmetics.cl\/wp-content\/uploads\/2025\/04\/8-300x300.png\" class=\"attachment-medium size-medium\" alt=\"\" srcset=\"https:\/\/anakena-cosmetics.cl\/wp-content\/uploads\/2025\/04\/8-300x300.png 300w, https:\/\/anakena-cosmetics.cl\/wp-content\/uploads\/2025\/04\/8-1024x1024.png 1024w, https:\/\/anakena-cosmetics.cl\/wp-content\/uploads\/2025\/04\/8-150x150.png 150w, https:\/\/anakena-cosmetics.cl\/wp-content\/uploads\/2025\/04\/8-768x768.png 768w, https:\/\/anakena-cosmetics.cl\/wp-content\/uploads\/2025\/04\/8-1536x1536.png 1536w, https:\/\/anakena-cosmetics.cl\/wp-content\/uploads\/2025\/04\/8-12x12.png 12w, https:\/\/anakena-cosmetics.cl\/wp-content\/uploads\/2025\/04\/8-600x600.png 600w, https:\/\/anakena-cosmetics.cl\/wp-content\/uploads\/2025\/04\/8.png 2025w\" sizes=\"(max-width: 300px) 100vw, 300px\" \/><\/a>\n\t\t\t<\/div><\/figure>\n\t\t<\/div>\n\n","protected":false},"excerpt":{"rendered":"<p>Hoy en d\u00eda, muchas personas viven bajo una enorme presi\u00f3n. El ritmo diario est\u00e1 marcado por infinitas tareas, disponibilidad constante y un flujo interminable de informaci\u00f3n proveniente de noticias y redes sociales. Esta sobrecarga de est\u00edmulos, sumada a la sensaci\u00f3n de estar atrapadas en un cors\u00e9 de obligaciones y expectativas, conduce frecuentemente al agotamiento y [&hellip;]<\/p>\n","protected":false},"author":8,"featured_media":24853,"comment_status":"closed","ping_status":"closed","sticky":false,"template":"","format":"standard","meta":{"_acf_changed":false,"inline_featured_image":false,"ocean_post_layout":"","ocean_both_sidebars_style":"","ocean_both_sidebars_content_width":0,"ocean_both_sidebars_sidebars_width":0,"ocean_sidebar":"","ocean_second_sidebar":"","ocean_disable_margins":"enable","ocean_add_body_class":"","ocean_shortcode_before_top_bar":"","ocean_shortcode_after_top_bar":"","ocean_shortcode_before_header":"","ocean_shortcode_after_header":"","ocean_has_shortcode":"","ocean_shortcode_after_title":"","ocean_shortcode_before_footer_widgets":"","ocean_shortcode_after_footer_widgets":"","ocean_shortcode_before_footer_bottom":"","ocean_shortcode_after_footer_bottom":"","ocean_display_top_bar":"default","ocean_display_header":"default","ocean_header_style":"","ocean_center_header_left_menu":"","ocean_custom_header_template":"","ocean_custom_logo":0,"ocean_custom_retina_logo":0,"ocean_custom_logo_max_width":0,"ocean_custom_logo_tablet_max_width":0,"ocean_custom_logo_mobile_max_width":0,"ocean_custom_logo_max_height":0,"ocean_custom_logo_tablet_max_height":0,"ocean_custom_logo_mobile_max_height":0,"ocean_header_custom_menu":"","ocean_menu_typo_font_family":"","ocean_menu_typo_font_subset":"","ocean_menu_typo_font_size":0,"ocean_menu_typo_font_size_tablet":0,"ocean_menu_typo_font_size_mobile":0,"ocean_menu_typo_font_size_unit":"px","ocean_menu_typo_font_weight":"","ocean_menu_typo_font_weight_tablet":"","ocean_menu_typo_font_weight_mobile":"","ocean_menu_typo_transform":"","ocean_menu_typo_transform_tablet":"","ocean_menu_typo_transform_mobile":"","ocean_menu_typo_line_height":0,"ocean_menu_typo_line_height_tablet":0,"ocean_menu_typo_line_height_mobile":0,"ocean_menu_typo_line_height_unit":"","ocean_menu_typo_spacing":0,"ocean_menu_typo_spacing_tablet":0,"ocean_menu_typo_spacing_mobile":0,"ocean_menu_typo_spacing_unit":"","ocean_menu_link_color":"","ocean_menu_link_color_hover":"","ocean_menu_link_color_active":"","ocean_menu_link_background":"","ocean_menu_link_hover_background":"","ocean_menu_link_active_background":"","ocean_menu_social_links_bg":"","ocean_menu_social_hover_links_bg":"","ocean_menu_social_links_color":"","ocean_menu_social_hover_links_color":"","ocean_disable_title":"default","ocean_disable_heading":"default","ocean_post_title":"","ocean_post_subheading":"","ocean_post_title_style":"","ocean_post_title_background_color":"","ocean_post_title_background":0,"ocean_post_title_bg_image_position":"","ocean_post_title_bg_image_attachment":"","ocean_post_title_bg_image_repeat":"","ocean_post_title_bg_image_size":"","ocean_post_title_height":0,"ocean_post_title_bg_overlay":0.5,"ocean_post_title_bg_overlay_color":"","ocean_disable_breadcrumbs":"default","ocean_breadcrumbs_color":"","ocean_breadcrumbs_separator_color":"","ocean_breadcrumbs_links_color":"","ocean_breadcrumbs_links_hover_color":"","ocean_display_footer_widgets":"default","ocean_display_footer_bottom":"default","ocean_custom_footer_template":"","ocean_post_oembed":"","ocean_post_self_hosted_media":"","ocean_post_video_embed":"","ocean_link_format":"","ocean_link_format_target":"self","ocean_quote_format":"","ocean_quote_format_link":"post","ocean_gallery_link_images":"on","ocean_gallery_id":[],"footnotes":""},"categories":[798],"tags":[],"class_list":["post-24835","post","type-post","status-publish","format-standard","has-post-thumbnail","hentry","category-belleza-y-salud","entry","has-media"],"acf":[],"amp_enabled":true,"_links":{"self":[{"href":"https:\/\/anakena-cosmetics.cl\/es\/wp-json\/wp\/v2\/posts\/24835","targetHints":{"allow":["GET"]}}],"collection":[{"href":"https:\/\/anakena-cosmetics.cl\/es\/wp-json\/wp\/v2\/posts"}],"about":[{"href":"https:\/\/anakena-cosmetics.cl\/es\/wp-json\/wp\/v2\/types\/post"}],"author":[{"embeddable":true,"href":"https:\/\/anakena-cosmetics.cl\/es\/wp-json\/wp\/v2\/users\/8"}],"replies":[{"embeddable":true,"href":"https:\/\/anakena-cosmetics.cl\/es\/wp-json\/wp\/v2\/comments?post=24835"}],"version-history":[{"count":0,"href":"https:\/\/anakena-cosmetics.cl\/es\/wp-json\/wp\/v2\/posts\/24835\/revisions"}],"wp:featuredmedia":[{"embeddable":true,"href":"https:\/\/anakena-cosmetics.cl\/es\/wp-json\/wp\/v2\/media\/24853"}],"wp:attachment":[{"href":"https:\/\/anakena-cosmetics.cl\/es\/wp-json\/wp\/v2\/media?parent=24835"}],"wp:term":[{"taxonomy":"category","embeddable":true,"href":"https:\/\/anakena-cosmetics.cl\/es\/wp-json\/wp\/v2\/categories?post=24835"},{"taxonomy":"post_tag","embeddable":true,"href":"https:\/\/anakena-cosmetics.cl\/es\/wp-json\/wp\/v2\/tags?post=24835"}],"curies":[{"name":"wp","href":"https:\/\/api.w.org\/{rel}","templated":true}]}}