{"id":22518,"date":"2023-12-30T02:44:50","date_gmt":"2023-12-30T01:44:50","guid":{"rendered":"https:\/\/anakena-cosmetics.cl\/?p=22518"},"modified":"2023-12-31T21:56:14","modified_gmt":"2023-12-31T20:56:14","slug":"taputapuatea-2023-una-celebracion-de-culturas-polinesias-en-rapa-nui","status":"publish","type":"post","link":"https:\/\/anakena-cosmetics.cl\/es\/taputapuatea-2023-una-celebracion-de-culturas-polinesias-en-rapa-nui\/","title":{"rendered":"Taputapu\u0101tea 2023: Una Celebraci\u00f3n de Culturas Polinesias en Rapa Nui"},"content":{"rendered":"\n<p style=\"text-align: center;\">Rapa Nui se ha convertido en el epicentro de un encuentro cultural polinesio sin precedentes, gracias al Festival Taputapu\u0101tea 2023, un acontecimiento de gran importancia a nivel cultural y espiritual, que celebra la belleza y la riqueza del patrimonio polinesio.<br \/><br \/>Por primera vez, entre el pasado 18 y 21 de diciembre, la isla de Pascua acogi\u00f3 este festival que anteriormente se hab\u00eda celebrado en Raiatea, recibiendo delegaciones culturales de m\u00e1s que 250 personas de varias islas del Pac\u00edfico como Hawai\ua78ci, Rai\ua78c\u0101tea, Tumara\ua78ca, Rapa Iti, Ile Des Pins, Noum\u0113a, Nueva Caledonia y Henua \ua78cEnana.<br \/><br \/>El nombre del festival, Taputapu\u0101tea, tiene sus or\u00edgenes en la isla Raiatea (perteneciente a la Polinesia Francesa) que es una joya arqueol\u00f3gica y espiritual, inscrita en la Lista del Patrimonio Mundial de la UNESCO desde 2017. En esta maravillosa isla existen lugares sagrados como maraes, plataformas ceremoniales y otros elementos arquitect\u00f3nicos que datan de muchos siglos atr\u00e1s. El Marae Taputapu\u0101tea, o Marae Opoa, es el marae principal del complejo arqueol\u00f3gico de Raiatea y se considera el punto de partida de las grandes migraciones polinesias, lo que lo convierte en un lugar de significativa importancia hist\u00f3rica.<br \/><br \/>El festival surgi\u00f3 en 1995, marcado por el encuentro de canoas oce\u00e1nicas de distintas islas polinesias en Raiatea. Conocido como &#8216;Los nueve tent\u00e1culos del pulpo desliz\u00e1ndose a trav\u00e9s del oc\u00e9ano&#8217;, este evento celebra la gran epopeya de la migraci\u00f3n polinesia. La met\u00e1fora del pulpo juega un papel central: su cuerpo representa la importancia hist\u00f3rica de Raiatea en la cultura polinesia, mientras que sus tent\u00e1culos simbolizan las diversas rutas de migraci\u00f3n a trav\u00e9s del oc\u00e9ano. Este s\u00edmbolo refleja la impresionante habilidad de navegaci\u00f3n de los polinesios, quienes fueron pioneros en cruzar distancias extensas por mar, utilizando canoas y gui\u00e1ndose \u00fanicamente por sus conocimientos ancestrales y las estrellas, sin la ayuda de instrumentos modernos de navegaci\u00f3n.<br \/><br \/>La ceremonia inaugural del Festival se realiz\u00f3 en Ha\u014ba Rau \u2013 Anakena frente al Ahu Ature Hoa, cont\u00f3 con representantes de Noum\u0113a, Ile des Pins, Rapa Iti, Raiatea, Utoroa, Taputapu\u0101tea, Taumara\u2019a, Tumura\u2019i Fenua, Tahiti y Hawai&#8217;i. Como marca la tradici\u00f3n, los asistentes compartieron un <em>Umu Hatu<\/em> o curanto (carnes y verduras cocinas bajo tierra con piedras calientes), una comida comunitaria que bendijo el evento. Las danzas Rapa Nui llenaron de energ\u00eda y alegr\u00eda el ambiente.<br \/><br \/>Fueron muchos los eventos y actividades que tuvieron lugar a lo largo de los cuatro d\u00edas que dur\u00f3 el festival, destacando las muestras de bailes tradicionales y las actuaciones musicales con la participaci\u00f3n de grupos locales e internacionales que mostraron el arte polinesio. Adem\u00e1s, se organizaron talleres de artesan\u00eda tradicional, que permitieron profundizar en t\u00e9cnicas y conocimientos ancestrales. Por supuesto, no falt\u00f3 una muestra de la gastronom\u00eda polinesia, con platos aut\u00e9nticos de la cocina local de cada isla.<br \/><br \/>Las ceremonias espirituales celebradas en el Festival Taputapu\u0101tea conectaron a los participantes con el <em>mana<\/em> (energ\u00eda o poder m\u00edstico proveniente de los ancestros), la historia y la espiritualidad de la Polinesia. Estas ceremonias incluyeron oraciones, cantos y ofrendas a los antepasados, destacando las profundas conexiones culturales del pueblo polinesio.<br \/><br \/>El evento concluy\u00f3 con un sentido de comunidad y memorias inolvidables para todos los asistentes. El Festival Taputapu\u0101tea no s\u00f3lo celebra las tradiciones, sino tambi\u00e9n fortalece la conexi\u00f3n entre los pueblos polinesios, mostrando al mundo la riqueza y diversidad de su cultura.<br \/>La pr\u00f3xima edici\u00f3n tendr\u00e1 lugar en Nueva Caledonia, prometiendo continuar con la tradici\u00f3n de celebrar y enriquecer las culturas polinesias.<br \/><br \/><\/p>\n<div id='gallery-1' class='gallery galleryid-22518 gallery-columns-3 gallery-size-large'><figure class='gallery-item'>\n\t\t\t<div class='gallery-icon portrait'>\n\t\t\t\t<a href='https:\/\/anakena-cosmetics.cl\/es\/taputapuatea-2023-una-celebracion-de-culturas-polinesias-en-rapa-nui\/11-4\/'><img fetchpriority=\"high\" decoding=\"async\" width=\"576\" height=\"1024\" src=\"https:\/\/anakena-cosmetics.cl\/wp-content\/uploads\/2023\/12\/11-1-576x1024.png\" class=\"attachment-large size-large\" alt=\"Festival Taputapuatea Rapa Nui 2023\" srcset=\"https:\/\/anakena-cosmetics.cl\/wp-content\/uploads\/2023\/12\/11-1-576x1024.png 576w, https:\/\/anakena-cosmetics.cl\/wp-content\/uploads\/2023\/12\/11-1-169x300.png 169w, https:\/\/anakena-cosmetics.cl\/wp-content\/uploads\/2023\/12\/11-1-768x1365.png 768w, https:\/\/anakena-cosmetics.cl\/wp-content\/uploads\/2023\/12\/11-1-864x1536.png 864w, https:\/\/anakena-cosmetics.cl\/wp-content\/uploads\/2023\/12\/11-1-7x12.png 7w, https:\/\/anakena-cosmetics.cl\/wp-content\/uploads\/2023\/12\/11-1.png 1080w\" sizes=\"(max-width: 576px) 100vw, 576px\" \/><\/a>\n\t\t\t<\/div><\/figure><figure class='gallery-item'>\n\t\t\t<div class='gallery-icon portrait'>\n\t\t\t\t<a href='https:\/\/anakena-cosmetics.cl\/es\/taputapuatea-2023-una-celebracion-de-culturas-polinesias-en-rapa-nui\/16-2\/'><img decoding=\"async\" width=\"576\" height=\"1024\" src=\"https:\/\/anakena-cosmetics.cl\/wp-content\/uploads\/2023\/12\/16-576x1024.png\" class=\"attachment-large size-large\" alt=\"Festival Taputapuatea Rapa Nui 2023\" srcset=\"https:\/\/anakena-cosmetics.cl\/wp-content\/uploads\/2023\/12\/16-576x1024.png 576w, https:\/\/anakena-cosmetics.cl\/wp-content\/uploads\/2023\/12\/16-169x300.png 169w, https:\/\/anakena-cosmetics.cl\/wp-content\/uploads\/2023\/12\/16-768x1365.png 768w, https:\/\/anakena-cosmetics.cl\/wp-content\/uploads\/2023\/12\/16-864x1536.png 864w, https:\/\/anakena-cosmetics.cl\/wp-content\/uploads\/2023\/12\/16-7x12.png 7w, https:\/\/anakena-cosmetics.cl\/wp-content\/uploads\/2023\/12\/16.png 1080w\" sizes=\"(max-width: 576px) 100vw, 576px\" \/><\/a>\n\t\t\t<\/div><\/figure><figure class='gallery-item'>\n\t\t\t<div class='gallery-icon portrait'>\n\t\t\t\t<a href='https:\/\/anakena-cosmetics.cl\/es\/taputapuatea-2023-una-celebracion-de-culturas-polinesias-en-rapa-nui\/13-2\/'><img decoding=\"async\" width=\"576\" height=\"1024\" src=\"https:\/\/anakena-cosmetics.cl\/wp-content\/uploads\/2023\/12\/13-1-576x1024.png\" class=\"attachment-large size-large\" alt=\"Festival Taputapuatea Rapa Nui 2023\" srcset=\"https:\/\/anakena-cosmetics.cl\/wp-content\/uploads\/2023\/12\/13-1-576x1024.png 576w, https:\/\/anakena-cosmetics.cl\/wp-content\/uploads\/2023\/12\/13-1-169x300.png 169w, https:\/\/anakena-cosmetics.cl\/wp-content\/uploads\/2023\/12\/13-1-768x1365.png 768w, https:\/\/anakena-cosmetics.cl\/wp-content\/uploads\/2023\/12\/13-1-864x1536.png 864w, https:\/\/anakena-cosmetics.cl\/wp-content\/uploads\/2023\/12\/13-1-7x12.png 7w, https:\/\/anakena-cosmetics.cl\/wp-content\/uploads\/2023\/12\/13-1.png 1080w\" sizes=\"(max-width: 576px) 100vw, 576px\" \/><\/a>\n\t\t\t<\/div><\/figure><figure class='gallery-item'>\n\t\t\t<div class='gallery-icon portrait'>\n\t\t\t\t<a href='https:\/\/anakena-cosmetics.cl\/es\/taputapuatea-2023-una-celebracion-de-culturas-polinesias-en-rapa-nui\/6-5\/'><img loading=\"lazy\" decoding=\"async\" width=\"576\" height=\"1024\" src=\"https:\/\/anakena-cosmetics.cl\/wp-content\/uploads\/2023\/12\/6-1-576x1024.png\" class=\"attachment-large size-large\" alt=\"Festival Taputapuatea Rapa Nui 2023\" srcset=\"https:\/\/anakena-cosmetics.cl\/wp-content\/uploads\/2023\/12\/6-1-576x1024.png 576w, https:\/\/anakena-cosmetics.cl\/wp-content\/uploads\/2023\/12\/6-1-169x300.png 169w, https:\/\/anakena-cosmetics.cl\/wp-content\/uploads\/2023\/12\/6-1-768x1365.png 768w, https:\/\/anakena-cosmetics.cl\/wp-content\/uploads\/2023\/12\/6-1-864x1536.png 864w, https:\/\/anakena-cosmetics.cl\/wp-content\/uploads\/2023\/12\/6-1-7x12.png 7w, https:\/\/anakena-cosmetics.cl\/wp-content\/uploads\/2023\/12\/6-1.png 1080w\" sizes=\"(max-width: 576px) 100vw, 576px\" \/><\/a>\n\t\t\t<\/div><\/figure><figure class='gallery-item'>\n\t\t\t<div class='gallery-icon portrait'>\n\t\t\t\t<a href='https:\/\/anakena-cosmetics.cl\/es\/taputapuatea-2023-una-celebracion-de-culturas-polinesias-en-rapa-nui\/9-7\/'><img loading=\"lazy\" decoding=\"async\" width=\"576\" height=\"1024\" src=\"https:\/\/anakena-cosmetics.cl\/wp-content\/uploads\/2023\/12\/9-2-576x1024.png\" class=\"attachment-large size-large\" alt=\"Festival Taputapuatea Rapa Nui 2023\" srcset=\"https:\/\/anakena-cosmetics.cl\/wp-content\/uploads\/2023\/12\/9-2-576x1024.png 576w, https:\/\/anakena-cosmetics.cl\/wp-content\/uploads\/2023\/12\/9-2-169x300.png 169w, https:\/\/anakena-cosmetics.cl\/wp-content\/uploads\/2023\/12\/9-2-768x1365.png 768w, https:\/\/anakena-cosmetics.cl\/wp-content\/uploads\/2023\/12\/9-2-864x1536.png 864w, https:\/\/anakena-cosmetics.cl\/wp-content\/uploads\/2023\/12\/9-2-7x12.png 7w, https:\/\/anakena-cosmetics.cl\/wp-content\/uploads\/2023\/12\/9-2.png 1080w\" sizes=\"(max-width: 576px) 100vw, 576px\" \/><\/a>\n\t\t\t<\/div><\/figure><figure class='gallery-item'>\n\t\t\t<div class='gallery-icon portrait'>\n\t\t\t\t<a href='https:\/\/anakena-cosmetics.cl\/es\/taputapuatea-2023-una-celebracion-de-culturas-polinesias-en-rapa-nui\/8-7\/'><img loading=\"lazy\" decoding=\"async\" width=\"576\" height=\"1024\" src=\"https:\/\/anakena-cosmetics.cl\/wp-content\/uploads\/2023\/12\/8-1-576x1024.png\" class=\"attachment-large size-large\" alt=\"Festival Taputapuatea Rapa Nui 2023\" srcset=\"https:\/\/anakena-cosmetics.cl\/wp-content\/uploads\/2023\/12\/8-1-576x1024.png 576w, https:\/\/anakena-cosmetics.cl\/wp-content\/uploads\/2023\/12\/8-1-169x300.png 169w, https:\/\/anakena-cosmetics.cl\/wp-content\/uploads\/2023\/12\/8-1-768x1365.png 768w, https:\/\/anakena-cosmetics.cl\/wp-content\/uploads\/2023\/12\/8-1-864x1536.png 864w, https:\/\/anakena-cosmetics.cl\/wp-content\/uploads\/2023\/12\/8-1-7x12.png 7w, https:\/\/anakena-cosmetics.cl\/wp-content\/uploads\/2023\/12\/8-1.png 1080w\" sizes=\"(max-width: 576px) 100vw, 576px\" \/><\/a>\n\t\t\t<\/div><\/figure><figure class='gallery-item'>\n\t\t\t<div class='gallery-icon portrait'>\n\t\t\t\t<a href='https:\/\/anakena-cosmetics.cl\/es\/taputapuatea-2023-una-celebracion-de-culturas-polinesias-en-rapa-nui\/10-4\/'><img loading=\"lazy\" decoding=\"async\" width=\"576\" height=\"1024\" src=\"https:\/\/anakena-cosmetics.cl\/wp-content\/uploads\/2023\/12\/10-1-576x1024.png\" class=\"attachment-large size-large\" alt=\"Festival Taputapuatea Rapa Nui 2023\" srcset=\"https:\/\/anakena-cosmetics.cl\/wp-content\/uploads\/2023\/12\/10-1-576x1024.png 576w, https:\/\/anakena-cosmetics.cl\/wp-content\/uploads\/2023\/12\/10-1-169x300.png 169w, https:\/\/anakena-cosmetics.cl\/wp-content\/uploads\/2023\/12\/10-1-768x1365.png 768w, https:\/\/anakena-cosmetics.cl\/wp-content\/uploads\/2023\/12\/10-1-864x1536.png 864w, https:\/\/anakena-cosmetics.cl\/wp-content\/uploads\/2023\/12\/10-1-7x12.png 7w, https:\/\/anakena-cosmetics.cl\/wp-content\/uploads\/2023\/12\/10-1.png 1080w\" sizes=\"(max-width: 576px) 100vw, 576px\" \/><\/a>\n\t\t\t<\/div><\/figure><figure class='gallery-item'>\n\t\t\t<div class='gallery-icon portrait'>\n\t\t\t\t<a href='https:\/\/anakena-cosmetics.cl\/es\/taputapuatea-2023-una-celebracion-de-culturas-polinesias-en-rapa-nui\/1-10\/'><img loading=\"lazy\" decoding=\"async\" width=\"576\" height=\"1024\" src=\"https:\/\/anakena-cosmetics.cl\/wp-content\/uploads\/2023\/12\/1-1-576x1024.png\" class=\"attachment-large size-large\" alt=\"Festival Taputapuatea Rapa Nui 2023\" srcset=\"https:\/\/anakena-cosmetics.cl\/wp-content\/uploads\/2023\/12\/1-1-576x1024.png 576w, https:\/\/anakena-cosmetics.cl\/wp-content\/uploads\/2023\/12\/1-1-169x300.png 169w, https:\/\/anakena-cosmetics.cl\/wp-content\/uploads\/2023\/12\/1-1-768x1365.png 768w, https:\/\/anakena-cosmetics.cl\/wp-content\/uploads\/2023\/12\/1-1-864x1536.png 864w, https:\/\/anakena-cosmetics.cl\/wp-content\/uploads\/2023\/12\/1-1-7x12.png 7w, https:\/\/anakena-cosmetics.cl\/wp-content\/uploads\/2023\/12\/1-1.png 1080w\" sizes=\"(max-width: 576px) 100vw, 576px\" \/><\/a>\n\t\t\t<\/div><\/figure><figure class='gallery-item'>\n\t\t\t<div class='gallery-icon portrait'>\n\t\t\t\t<a href='https:\/\/anakena-cosmetics.cl\/es\/taputapuatea-2023-una-celebracion-de-culturas-polinesias-en-rapa-nui\/7-8\/'><img loading=\"lazy\" decoding=\"async\" width=\"576\" height=\"1024\" src=\"https:\/\/anakena-cosmetics.cl\/wp-content\/uploads\/2023\/12\/7-1-576x1024.png\" class=\"attachment-large size-large\" alt=\"Festival Taputapuatea Rapa Nui 2023\" srcset=\"https:\/\/anakena-cosmetics.cl\/wp-content\/uploads\/2023\/12\/7-1-576x1024.png 576w, https:\/\/anakena-cosmetics.cl\/wp-content\/uploads\/2023\/12\/7-1-169x300.png 169w, https:\/\/anakena-cosmetics.cl\/wp-content\/uploads\/2023\/12\/7-1-768x1365.png 768w, https:\/\/anakena-cosmetics.cl\/wp-content\/uploads\/2023\/12\/7-1-864x1536.png 864w, https:\/\/anakena-cosmetics.cl\/wp-content\/uploads\/2023\/12\/7-1-7x12.png 7w, https:\/\/anakena-cosmetics.cl\/wp-content\/uploads\/2023\/12\/7-1.png 1080w\" sizes=\"(max-width: 576px) 100vw, 576px\" \/><\/a>\n\t\t\t<\/div><\/figure>\n\t\t<\/div>\n\n","protected":false},"excerpt":{"rendered":"<p>Rapa Nui se ha convertido en el epicentro de un encuentro cultural polinesio sin precedentes, gracias al Festival Taputapu\u0101tea 2023, un acontecimiento de gran importancia a nivel cultural y espiritual, que celebra la belleza y la riqueza del patrimonio polinesio. Por primera vez, entre el pasado 18 y 21 de diciembre, la isla de Pascua [&hellip;]<\/p>\n","protected":false},"author":8,"featured_media":22520,"comment_status":"closed","ping_status":"closed","sticky":false,"template":"","format":"standard","meta":{"_acf_changed":false,"inline_featured_image":false,"ocean_post_layout":"","ocean_both_sidebars_style":"","ocean_both_sidebars_content_width":0,"ocean_both_sidebars_sidebars_width":0,"ocean_sidebar":"","ocean_second_sidebar":"","ocean_disable_margins":"enable","ocean_add_body_class":"","ocean_shortcode_before_top_bar":"","ocean_shortcode_after_top_bar":"","ocean_shortcode_before_header":"","ocean_shortcode_after_header":"","ocean_has_shortcode":"","ocean_shortcode_after_title":"","ocean_shortcode_before_footer_widgets":"","ocean_shortcode_after_footer_widgets":"","ocean_shortcode_before_footer_bottom":"","ocean_shortcode_after_footer_bottom":"","ocean_display_top_bar":"default","ocean_display_header":"default","ocean_header_style":"","ocean_center_header_left_menu":"","ocean_custom_header_template":"","ocean_custom_logo":0,"ocean_custom_retina_logo":0,"ocean_custom_logo_max_width":0,"ocean_custom_logo_tablet_max_width":0,"ocean_custom_logo_mobile_max_width":0,"ocean_custom_logo_max_height":0,"ocean_custom_logo_tablet_max_height":0,"ocean_custom_logo_mobile_max_height":0,"ocean_header_custom_menu":"","ocean_menu_typo_font_family":"","ocean_menu_typo_font_subset":"","ocean_menu_typo_font_size":0,"ocean_menu_typo_font_size_tablet":0,"ocean_menu_typo_font_size_mobile":0,"ocean_menu_typo_font_size_unit":"px","ocean_menu_typo_font_weight":"","ocean_menu_typo_font_weight_tablet":"","ocean_menu_typo_font_weight_mobile":"","ocean_menu_typo_transform":"","ocean_menu_typo_transform_tablet":"","ocean_menu_typo_transform_mobile":"","ocean_menu_typo_line_height":0,"ocean_menu_typo_line_height_tablet":0,"ocean_menu_typo_line_height_mobile":0,"ocean_menu_typo_line_height_unit":"","ocean_menu_typo_spacing":0,"ocean_menu_typo_spacing_tablet":0,"ocean_menu_typo_spacing_mobile":0,"ocean_menu_typo_spacing_unit":"","ocean_menu_link_color":"","ocean_menu_link_color_hover":"","ocean_menu_link_color_active":"","ocean_menu_link_background":"","ocean_menu_link_hover_background":"","ocean_menu_link_active_background":"","ocean_menu_social_links_bg":"","ocean_menu_social_hover_links_bg":"","ocean_menu_social_links_color":"","ocean_menu_social_hover_links_color":"","ocean_disable_title":"default","ocean_disable_heading":"default","ocean_post_title":"","ocean_post_subheading":"","ocean_post_title_style":"","ocean_post_title_background_color":"","ocean_post_title_background":0,"ocean_post_title_bg_image_position":"","ocean_post_title_bg_image_attachment":"","ocean_post_title_bg_image_repeat":"","ocean_post_title_bg_image_size":"","ocean_post_title_height":0,"ocean_post_title_bg_overlay":0.5,"ocean_post_title_bg_overlay_color":"","ocean_disable_breadcrumbs":"default","ocean_breadcrumbs_color":"","ocean_breadcrumbs_separator_color":"","ocean_breadcrumbs_links_color":"","ocean_breadcrumbs_links_hover_color":"","ocean_display_footer_widgets":"default","ocean_display_footer_bottom":"default","ocean_custom_footer_template":"","ocean_post_oembed":"","ocean_post_self_hosted_media":"","ocean_post_video_embed":"","ocean_link_format":"","ocean_link_format_target":"self","ocean_quote_format":"","ocean_quote_format_link":"post","ocean_gallery_link_images":"on","ocean_gallery_id":[],"footnotes":""},"categories":[821,93,799],"tags":[],"class_list":["post-22518","post","type-post","status-publish","format-standard","has-post-thumbnail","hentry","category-isla-de-pascua","category-nuestra-ubicacion","category-rapa-nui","entry","has-media"],"acf":[],"amp_enabled":true,"_links":{"self":[{"href":"https:\/\/anakena-cosmetics.cl\/es\/wp-json\/wp\/v2\/posts\/22518","targetHints":{"allow":["GET"]}}],"collection":[{"href":"https:\/\/anakena-cosmetics.cl\/es\/wp-json\/wp\/v2\/posts"}],"about":[{"href":"https:\/\/anakena-cosmetics.cl\/es\/wp-json\/wp\/v2\/types\/post"}],"author":[{"embeddable":true,"href":"https:\/\/anakena-cosmetics.cl\/es\/wp-json\/wp\/v2\/users\/8"}],"replies":[{"embeddable":true,"href":"https:\/\/anakena-cosmetics.cl\/es\/wp-json\/wp\/v2\/comments?post=22518"}],"version-history":[{"count":0,"href":"https:\/\/anakena-cosmetics.cl\/es\/wp-json\/wp\/v2\/posts\/22518\/revisions"}],"wp:featuredmedia":[{"embeddable":true,"href":"https:\/\/anakena-cosmetics.cl\/es\/wp-json\/wp\/v2\/media\/22520"}],"wp:attachment":[{"href":"https:\/\/anakena-cosmetics.cl\/es\/wp-json\/wp\/v2\/media?parent=22518"}],"wp:term":[{"taxonomy":"category","embeddable":true,"href":"https:\/\/anakena-cosmetics.cl\/es\/wp-json\/wp\/v2\/categories?post=22518"},{"taxonomy":"post_tag","embeddable":true,"href":"https:\/\/anakena-cosmetics.cl\/es\/wp-json\/wp\/v2\/tags?post=22518"}],"curies":[{"name":"wp","href":"https:\/\/api.w.org\/{rel}","templated":true}]}}