{"id":16294,"date":"2021-10-26T07:19:04","date_gmt":"2021-10-26T06:19:04","guid":{"rendered":"https:\/\/anakena-cosmetics.cl\/?p=16294"},"modified":"2021-10-26T08:09:05","modified_gmt":"2021-10-26T07:09:05","slug":"matrixyl-elixir-de-la-eterna-juventud","status":"publish","type":"post","link":"https:\/\/anakena-cosmetics.cl\/es\/matrixyl-elixir-de-la-eterna-juventud\/","title":{"rendered":"Matrixyl &#8211; elixir de la eterna juventud"},"content":{"rendered":"\n<p>Hoy queremos contarles m\u00e1s sobre uno de los ingredientes revolucionarios que lleva nuestra maravillosa crema facial multiactiva Anakena: el Matrixyl\u00ae.<\/p>\n<p><span style=\"font-size: revert;\">Matrixyl es un revolucionario ingrediente cosm\u00e9tico conocido por muchos como el \u201celixir de la eterna juventud\u201d debido a su fabuloso efecto antiarrugas. Se trata de un p\u00e9ptido capaz de duplicar la producci\u00f3n de col\u00e1geno que es responsable de mantener la elasticidad de la piel, evitando o retardando la aparici\u00f3n de arrugas.<\/span><\/p>\n<p style=\"text-align: center;\"><img fetchpriority=\"high\" decoding=\"async\" class=\"aligncenter wp-image-16185 \" src=\"https:\/\/anakena-cosmetics.cl\/wp-content\/uploads\/2021\/10\/shutterstock_1809479347_epidermis_dermis-espanol-Konvertiert-1024x424.png\" alt=\"Epidermis Dermis piel\" width=\"731\" height=\"303\" srcset=\"https:\/\/anakena-cosmetics.cl\/wp-content\/uploads\/2021\/10\/shutterstock_1809479347_epidermis_dermis-espanol-Konvertiert-1024x424.png 1024w, https:\/\/anakena-cosmetics.cl\/wp-content\/uploads\/2021\/10\/shutterstock_1809479347_epidermis_dermis-espanol-Konvertiert-300x124.png 300w, https:\/\/anakena-cosmetics.cl\/wp-content\/uploads\/2021\/10\/shutterstock_1809479347_epidermis_dermis-espanol-Konvertiert-768x318.png 768w, https:\/\/anakena-cosmetics.cl\/wp-content\/uploads\/2021\/10\/shutterstock_1809479347_epidermis_dermis-espanol-Konvertiert-1536x637.png 1536w, https:\/\/anakena-cosmetics.cl\/wp-content\/uploads\/2021\/10\/shutterstock_1809479347_epidermis_dermis-espanol-Konvertiert-2048x849.png 2048w, https:\/\/anakena-cosmetics.cl\/wp-content\/uploads\/2021\/10\/shutterstock_1809479347_epidermis_dermis-espanol-Konvertiert-18x7.png 18w\" sizes=\"(max-width: 731px) 100vw, 731px\" \/><\/p>\n<p><span style=\"font-size: revert;\">Al igual que act\u00faan de forma natural los compuestos llamados matriquinas que env\u00edan \u201cmensajes\u201d qu\u00edmicos a los fibroplastos para que produzcan nuevo col\u00e1geno y elastina, el Matrixyl, usado como ingrediente activo en la crema facial Anakena, trabaja como un \u201cmensajero\u201d, estimulando esa producci\u00f3n natural de col\u00e1geno y elastina en las c\u00e9lulas cut\u00e1neas. El resultado es una piel regenerada desde adentro y pr\u00e1cticamente rejuvenecida, lo que ha sido demostrado en muchos estudios cl\u00ednicos.<\/span><\/p>\n<p><span style=\"font-size: revert;\">Gracias al Matrixyl, podr\u00e1n notar los efectos de la crema facial Anakena desde las primeras aplicaciones y lucir un rostro terso, sano y hermoso!<\/span><\/p>\n<div>\u00a0<\/div>\n","protected":false},"excerpt":{"rendered":"<p>Hoy queremos contarles m\u00e1s sobre uno de los ingredientes revolucionarios que lleva nuestra maravillosa crema facial multiactiva Anakena: el Matrixyl\u00ae. Matrixyl es un revolucionario ingrediente cosm\u00e9tico conocido por muchos como el \u201celixir de la eterna juventud\u201d debido a su fabuloso efecto antiarrugas. Se trata de un p\u00e9ptido capaz de duplicar la producci\u00f3n de col\u00e1geno que [&hellip;]<\/p>\n","protected":false},"author":8,"featured_media":16295,"comment_status":"open","ping_status":"open","sticky":false,"template":"","format":"standard","meta":{"_acf_changed":false,"inline_featured_image":false,"ocean_post_layout":"","ocean_both_sidebars_style":"","ocean_both_sidebars_content_width":0,"ocean_both_sidebars_sidebars_width":0,"ocean_sidebar":"0","ocean_second_sidebar":"0","ocean_disable_margins":"enable","ocean_add_body_class":"","ocean_shortcode_before_top_bar":"","ocean_shortcode_after_top_bar":"","ocean_shortcode_before_header":"","ocean_shortcode_after_header":"","ocean_has_shortcode":"","ocean_shortcode_after_title":"","ocean_shortcode_before_footer_widgets":"","ocean_shortcode_after_footer_widgets":"","ocean_shortcode_before_footer_bottom":"","ocean_shortcode_after_footer_bottom":"","ocean_display_top_bar":"default","ocean_display_header":"default","ocean_header_style":"","ocean_center_header_left_menu":"0","ocean_custom_header_template":"0","ocean_custom_logo":0,"ocean_custom_retina_logo":0,"ocean_custom_logo_max_width":0,"ocean_custom_logo_tablet_max_width":0,"ocean_custom_logo_mobile_max_width":0,"ocean_custom_logo_max_height":0,"ocean_custom_logo_tablet_max_height":0,"ocean_custom_logo_mobile_max_height":0,"ocean_header_custom_menu":"0","ocean_menu_typo_font_family":"0","ocean_menu_typo_font_subset":"","ocean_menu_typo_font_size":0,"ocean_menu_typo_font_size_tablet":0,"ocean_menu_typo_font_size_mobile":0,"ocean_menu_typo_font_size_unit":"px","ocean_menu_typo_font_weight":"","ocean_menu_typo_font_weight_tablet":"","ocean_menu_typo_font_weight_mobile":"","ocean_menu_typo_transform":"","ocean_menu_typo_transform_tablet":"","ocean_menu_typo_transform_mobile":"","ocean_menu_typo_line_height":0,"ocean_menu_typo_line_height_tablet":0,"ocean_menu_typo_line_height_mobile":0,"ocean_menu_typo_line_height_unit":"","ocean_menu_typo_spacing":0,"ocean_menu_typo_spacing_tablet":0,"ocean_menu_typo_spacing_mobile":0,"ocean_menu_typo_spacing_unit":"","ocean_menu_link_color":"","ocean_menu_link_color_hover":"","ocean_menu_link_color_active":"","ocean_menu_link_background":"","ocean_menu_link_hover_background":"","ocean_menu_link_active_background":"","ocean_menu_social_links_bg":"","ocean_menu_social_hover_links_bg":"","ocean_menu_social_links_color":"","ocean_menu_social_hover_links_color":"","ocean_disable_title":"default","ocean_disable_heading":"default","ocean_post_title":"","ocean_post_subheading":"","ocean_post_title_style":"","ocean_post_title_background_color":"","ocean_post_title_background":0,"ocean_post_title_bg_image_position":"","ocean_post_title_bg_image_attachment":"","ocean_post_title_bg_image_repeat":"","ocean_post_title_bg_image_size":"","ocean_post_title_height":0,"ocean_post_title_bg_overlay":0.5,"ocean_post_title_bg_overlay_color":"","ocean_disable_breadcrumbs":"default","ocean_breadcrumbs_color":"","ocean_breadcrumbs_separator_color":"","ocean_breadcrumbs_links_color":"","ocean_breadcrumbs_links_hover_color":"","ocean_display_footer_widgets":"default","ocean_display_footer_bottom":"default","ocean_custom_footer_template":"0","ocean_post_oembed":"","ocean_post_self_hosted_media":"","ocean_post_video_embed":"","ocean_link_format":"","ocean_link_format_target":"self","ocean_quote_format":"","ocean_quote_format_link":"post","ocean_gallery_link_images":"off","ocean_gallery_id":[],"footnotes":""},"categories":[97,800],"tags":[],"class_list":["post-16294","post","type-post","status-publish","format-standard","has-post-thumbnail","hentry","category-cosmeticos-anakena","category-ingredientes","entry","has-media"],"acf":[],"amp_enabled":true,"_links":{"self":[{"href":"https:\/\/anakena-cosmetics.cl\/es\/wp-json\/wp\/v2\/posts\/16294","targetHints":{"allow":["GET"]}}],"collection":[{"href":"https:\/\/anakena-cosmetics.cl\/es\/wp-json\/wp\/v2\/posts"}],"about":[{"href":"https:\/\/anakena-cosmetics.cl\/es\/wp-json\/wp\/v2\/types\/post"}],"author":[{"embeddable":true,"href":"https:\/\/anakena-cosmetics.cl\/es\/wp-json\/wp\/v2\/users\/8"}],"replies":[{"embeddable":true,"href":"https:\/\/anakena-cosmetics.cl\/es\/wp-json\/wp\/v2\/comments?post=16294"}],"version-history":[{"count":0,"href":"https:\/\/anakena-cosmetics.cl\/es\/wp-json\/wp\/v2\/posts\/16294\/revisions"}],"wp:featuredmedia":[{"embeddable":true,"href":"https:\/\/anakena-cosmetics.cl\/es\/wp-json\/wp\/v2\/media\/16295"}],"wp:attachment":[{"href":"https:\/\/anakena-cosmetics.cl\/es\/wp-json\/wp\/v2\/media?parent=16294"}],"wp:term":[{"taxonomy":"category","embeddable":true,"href":"https:\/\/anakena-cosmetics.cl\/es\/wp-json\/wp\/v2\/categories?post=16294"},{"taxonomy":"post_tag","embeddable":true,"href":"https:\/\/anakena-cosmetics.cl\/es\/wp-json\/wp\/v2\/tags?post=16294"}],"curies":[{"name":"wp","href":"https:\/\/api.w.org\/{rel}","templated":true}]}}