{"id":13685,"date":"2020-10-09T10:56:58","date_gmt":"2020-10-09T09:56:58","guid":{"rendered":"https:\/\/anakena-cosmetics.cl\/?p=13685"},"modified":"2022-11-21T13:05:51","modified_gmt":"2022-11-21T12:05:51","slug":"mahatu-nui-polinesia","status":"publish","type":"post","link":"https:\/\/anakena-cosmetics.cl\/es\/mahatu-nui-polinesia\/","title":{"rendered":"Mahatu Nui Polinesia"},"content":{"rendered":"\n<p>\u00abMahatu Nui Polinesia\u00bb que en lengua Rapa Nui significa \u00abcoraz\u00f3n grande de la Polinesia\u00bb es el hermoso emprendimiento de Karina y Marlon, una pareja de amantes de la cultura Rapa Nui y de la Polinesia que est\u00e1n dedicados a transmitir lo mejor de esas tierras en la ciudad de Concepci\u00f3n, donde viven.<\/p>\n<p>Karina y Marlon son bailarines de danza polin\u00e9sica y adem\u00e1s organizan seminarios y talleres de danza en la VIII Regi\u00f3n, confeccionan trajes y accesorios para bailar, venden artesan\u00edas,\u00a0pareos y ahora tambi\u00e9n los cosm\u00e9ticos Anakena.<\/p>\n<p>Todas las amigas interesadas en contactarles pueden hacerlo en:<\/p>\n<p>Instagram: <a href=\"https:\/\/www.instagram.com\/mahatu_nui_polinesia\/\" target=\"_blank\" rel=\"noopener noreferrer\"><span style=\"color: #cda058;\">Mahatu_nui_polinesia<\/span><\/a><br \/>Facebook: <span style=\"color: #cda058;\"><a style=\"color: #cda058;\" href=\"https:\/\/www.facebook.com\/MahatuNuiPolinesia\" target=\"_blank\" rel=\"noopener noreferrer\">Mahatu Nui Polinesia<\/a><\/span><br \/>Cel\/Whatsapp: <a href=\"tel:+56997070796\" target=\"_blank\" rel=\"noopener noreferrer\"><span style=\"color: #cda058;\">+569 97070796<\/span><\/a><br \/>y el mail: <span style=\"color: #cda058;\"><a style=\"color: #cda058;\" href=\"mailto:polinesiamahatunui@gmail.com\" target=\"_blank\" rel=\"noopener noreferrer\">polinesiamahatunui@gmail.com<\/a><\/span><\/p>\n","protected":false},"excerpt":{"rendered":"<p>\u00abMahatu Nui Polinesia\u00bb que en lengua Rapa Nui significa \u00abcoraz\u00f3n grande de la Polinesia\u00bb es el hermoso emprendimiento de Karina y Marlon, una pareja de amantes de la cultura Rapa Nui y de la Polinesia que est\u00e1n dedicados a transmitir lo mejor de esas tierras en la ciudad de Concepci\u00f3n, donde viven. Karina y Marlon [&hellip;]<\/p>\n","protected":false},"author":8,"featured_media":13688,"comment_status":"open","ping_status":"open","sticky":false,"template":"","format":"standard","meta":{"_acf_changed":false,"inline_featured_image":false,"ocean_post_layout":"","ocean_both_sidebars_style":"","ocean_both_sidebars_content_width":0,"ocean_both_sidebars_sidebars_width":0,"ocean_sidebar":"0","ocean_second_sidebar":"0","ocean_disable_margins":"enable","ocean_add_body_class":"","ocean_shortcode_before_top_bar":"","ocean_shortcode_after_top_bar":"","ocean_shortcode_before_header":"","ocean_shortcode_after_header":"","ocean_has_shortcode":"","ocean_shortcode_after_title":"","ocean_shortcode_before_footer_widgets":"","ocean_shortcode_after_footer_widgets":"","ocean_shortcode_before_footer_bottom":"","ocean_shortcode_after_footer_bottom":"","ocean_display_top_bar":"default","ocean_display_header":"default","ocean_header_style":"","ocean_center_header_left_menu":"0","ocean_custom_header_template":"0","ocean_custom_logo":0,"ocean_custom_retina_logo":0,"ocean_custom_logo_max_width":0,"ocean_custom_logo_tablet_max_width":0,"ocean_custom_logo_mobile_max_width":0,"ocean_custom_logo_max_height":0,"ocean_custom_logo_tablet_max_height":0,"ocean_custom_logo_mobile_max_height":0,"ocean_header_custom_menu":"0","ocean_menu_typo_font_family":"0","ocean_menu_typo_font_subset":"","ocean_menu_typo_font_size":0,"ocean_menu_typo_font_size_tablet":0,"ocean_menu_typo_font_size_mobile":0,"ocean_menu_typo_font_size_unit":"px","ocean_menu_typo_font_weight":"","ocean_menu_typo_font_weight_tablet":"","ocean_menu_typo_font_weight_mobile":"","ocean_menu_typo_transform":"","ocean_menu_typo_transform_tablet":"","ocean_menu_typo_transform_mobile":"","ocean_menu_typo_line_height":0,"ocean_menu_typo_line_height_tablet":0,"ocean_menu_typo_line_height_mobile":0,"ocean_menu_typo_line_height_unit":"","ocean_menu_typo_spacing":0,"ocean_menu_typo_spacing_tablet":0,"ocean_menu_typo_spacing_mobile":0,"ocean_menu_typo_spacing_unit":"","ocean_menu_link_color":"","ocean_menu_link_color_hover":"","ocean_menu_link_color_active":"","ocean_menu_link_background":"","ocean_menu_link_hover_background":"","ocean_menu_link_active_background":"","ocean_menu_social_links_bg":"","ocean_menu_social_hover_links_bg":"","ocean_menu_social_links_color":"","ocean_menu_social_hover_links_color":"","ocean_disable_title":"default","ocean_disable_heading":"default","ocean_post_title":"","ocean_post_subheading":"","ocean_post_title_style":"","ocean_post_title_background_color":"","ocean_post_title_background":0,"ocean_post_title_bg_image_position":"","ocean_post_title_bg_image_attachment":"","ocean_post_title_bg_image_repeat":"","ocean_post_title_bg_image_size":"","ocean_post_title_height":0,"ocean_post_title_bg_overlay":0.5,"ocean_post_title_bg_overlay_color":"","ocean_disable_breadcrumbs":"default","ocean_breadcrumbs_color":"","ocean_breadcrumbs_separator_color":"","ocean_breadcrumbs_links_color":"","ocean_breadcrumbs_links_hover_color":"","ocean_display_footer_widgets":"default","ocean_display_footer_bottom":"default","ocean_custom_footer_template":"0","ocean_post_oembed":"","ocean_post_self_hosted_media":"","ocean_post_video_embed":"","ocean_link_format":"","ocean_link_format_target":"self","ocean_quote_format":"","ocean_quote_format_link":"post","ocean_gallery_link_images":"off","ocean_gallery_id":[],"footnotes":""},"categories":[127,820],"tags":[],"class_list":["post-13685","post","type-post","status-publish","format-standard","has-post-thumbnail","hentry","category-puntos-de-venta","category-sur-de-chile","entry","has-media"],"acf":[],"amp_enabled":true,"_links":{"self":[{"href":"https:\/\/anakena-cosmetics.cl\/es\/wp-json\/wp\/v2\/posts\/13685","targetHints":{"allow":["GET"]}}],"collection":[{"href":"https:\/\/anakena-cosmetics.cl\/es\/wp-json\/wp\/v2\/posts"}],"about":[{"href":"https:\/\/anakena-cosmetics.cl\/es\/wp-json\/wp\/v2\/types\/post"}],"author":[{"embeddable":true,"href":"https:\/\/anakena-cosmetics.cl\/es\/wp-json\/wp\/v2\/users\/8"}],"replies":[{"embeddable":true,"href":"https:\/\/anakena-cosmetics.cl\/es\/wp-json\/wp\/v2\/comments?post=13685"}],"version-history":[{"count":0,"href":"https:\/\/anakena-cosmetics.cl\/es\/wp-json\/wp\/v2\/posts\/13685\/revisions"}],"wp:featuredmedia":[{"embeddable":true,"href":"https:\/\/anakena-cosmetics.cl\/es\/wp-json\/wp\/v2\/media\/13688"}],"wp:attachment":[{"href":"https:\/\/anakena-cosmetics.cl\/es\/wp-json\/wp\/v2\/media?parent=13685"}],"wp:term":[{"taxonomy":"category","embeddable":true,"href":"https:\/\/anakena-cosmetics.cl\/es\/wp-json\/wp\/v2\/categories?post=13685"},{"taxonomy":"post_tag","embeddable":true,"href":"https:\/\/anakena-cosmetics.cl\/es\/wp-json\/wp\/v2\/tags?post=13685"}],"curies":[{"name":"wp","href":"https:\/\/api.w.org\/{rel}","templated":true}]}}