{"id":27436,"date":"2026-02-23T00:35:47","date_gmt":"2026-02-22T23:35:47","guid":{"rendered":"https:\/\/anakena-cosmetics.cl\/?p=27436"},"modified":"2026-03-28T00:34:38","modified_gmt":"2026-03-27T23:34:38","slug":"anakena-facial-cream-wrinkle-reduction-instrument-study","status":"publish","type":"post","link":"https:\/\/anakena-cosmetics.cl\/en\/estudio-instrumental-de-reduccion-de-arrugas-crema-facial-anakena\/","title":{"rendered":"Instrumental Wrinkle Reduction Study - Anakena Facial Cream"},"content":{"rendered":"<h4 data-start=\"346\" data-end=\"456\"><em>Real science for measurable results.<\/em><\/h4>\n<p data-start=\"458\" data-end=\"961\">To validate the efficacy of our Multi-Active Face Cream - with organic guava extract and intoxicating Mono\u00ef scent - we sent samples to the renowned J.S. Hamilton Poland laboratory, which works under the highest European standards. Eleven women between the ages of 45 and 65 used it twice a day for 55 days. The measurement was performed with the PRIMOS CR system, a cutting-edge 3D technology that scans wrinkles with millimeter precision using structured light.<br \/><br \/><\/p>\n<h2 data-start=\"963\" data-end=\"1046\">Instrumental Analysis Results<\/h2>\n<p data-start=\"963\" data-end=\"1046\"><strong>Real reductions, scientifically measured.<\/strong><\/p>\n<p data-start=\"1048\" data-end=\"1838\" data-wp-editing=\"1\">After 55 days, the study revealed clear improvements: fewer wrinkles in number (15% mean), length (7%), volume and surface area (about 7%), and depth (1%). More than 60% showed measurable improvements in the parameters analyzed. This confirms that our cream visibly smoothes the appearance of wrinkles, slows down premature skin aging and contains an integrated UV filter in its formulation - ideal for both women and men. As a small independent Chilean brand, we consciously invest in rigorous clinical studies like this one. Produced at Laboratorio Bellcos in Santiago (our successful partner for 10 years), registered with ISP Chile (No. 1491C-2), 100% is free from animal testing (ingredients included).<br \/><img fetchpriority=\"high\" decoding=\"async\" class=\"aligncenter wp-image-27864\" src=\"https:\/\/anakena-cosmetics.cl\/wp-content\/uploads\/2026\/02\/Crema-Facial-Frente-1016x1024.jpg\" alt=\"Anakena Facial Cream\" width=\"545\" height=\"549\" srcset=\"https:\/\/anakena-cosmetics.cl\/wp-content\/uploads\/2026\/02\/Crema-Facial-Frente-1016x1024.jpg 1016w, https:\/\/anakena-cosmetics.cl\/wp-content\/uploads\/2026\/02\/Crema-Facial-Frente-298x300.jpg 298w, https:\/\/anakena-cosmetics.cl\/wp-content\/uploads\/2026\/02\/Crema-Facial-Frente-150x150.jpg 150w, https:\/\/anakena-cosmetics.cl\/wp-content\/uploads\/2026\/02\/Crema-Facial-Frente-768x774.jpg 768w, https:\/\/anakena-cosmetics.cl\/wp-content\/uploads\/2026\/02\/Crema-Facial-Frente-1524x1536.jpg 1524w, https:\/\/anakena-cosmetics.cl\/wp-content\/uploads\/2026\/02\/Crema-Facial-Frente-2032x2048.jpg 2032w, https:\/\/anakena-cosmetics.cl\/wp-content\/uploads\/2026\/02\/Crema-Facial-Frente-12x12.jpg 12w\" sizes=\"(max-width: 545px) 100vw, 545px\" \/><span style=\"color: #a08601; font-size: 24px;\">Key Assets of Our Formula<\/span><\/p>\n<p data-start=\"1840\" data-end=\"1917\"><strong>Powerful active ingredients in perfect harmony.<\/strong><\/p>\n<p data-start=\"1919\" data-end=\"2354\">The main assets are: <a href=\"https:\/\/anakena-cosmetics.cl\/es\/matrixyl\/\" target=\"_blank\" rel=\"noopener\"><span style=\"color: #a08601;\"><strong>Matrixyl\u00ae<\/strong><\/span><\/a> (palmitoyl pentapeptide-4), which awakens collagen and elastin to fill fine lines; and <a href=\"https:\/\/anakena-cosmetics.cl\/es\/extracto-de-algas\/\" target=\"_blank\" rel=\"noopener\"><span style=\"color: #a08601;\"><strong>Fucus vesiculosus algae extract<\/strong><\/span><\/a>, loaded with antioxidants to deeply moisturize and restore elasticity. We add <a href=\"https:\/\/anakena-cosmetics.cl\/es\/extracto-de-guayaba\/\" target=\"_blank\" rel=\"noopener\"><span style=\"color: #a08601;\"><strong>organic guava<\/strong><\/span><\/a> (Ecocert certified), glycerin, biosaccharide gum-1, vegetable emulsifiers, UV filters and pure oils. Light texture, instant absorption, ideal for demanding skins.<br \/><br \/><\/p>\n<h2 data-start=\"2356\" data-end=\"2451\">Aging is Beautiful: Our Integral Philosophy<\/h2>\n<p data-start=\"2356\" data-end=\"2451\"><strong>Nourish your skin, don't fight against time.<\/strong><\/p>\n<p data-start=\"2453\" data-end=\"3305\">In Anakena <strong>we reject the term \u00abanti-aging\u00bb.\u00bb<\/strong>It's not about erasing years, it's about celebrating aging as a natural and radiant process. Our cream is your daily ally for nourished, vital and smooth skin, but the real secret lies in complete balance. Eat plenty of fruits and vegetables loaded with vitamins A, C, E and antioxidants; include lean protein and omega-3s from sources like salmon or walnuts. Move with moderate exercise, sleep 7-8 hours, tame stress with mindfulness or walking, and protect yourself from the sun without obsessing. Hydrate by drinking 2 liters of water a day and using products that seal in that moisture. This way, your face reflects authenticity and genuine health. <br \/><br \/>As a small independent Chilean brand, these investments reflect our commitment to transparency. Because we are confident in what we do and we want you to be too.<\/p>\n<p data-start=\"3307\" data-end=\"3503\">Ready to try it? Find our Multiactive Facial Cream at your nearest point of sale through our <a href=\"https:\/\/anakena-cosmetics.cl\/es\/puntos-de-venta-1\/\" target=\"_blank\" rel=\"noopener\"><span style=\"color: #a08601;\">Point of Sale Finder<\/span><\/a>. Only available from authorized distributors!<\/p>","protected":false},"excerpt":{"rendered":"<p>Ciencia real para resultados medibles. Para validar la eficacia de nuestra Crema Facial Multiactiva \u2013con extracto de guayaba ecol\u00f3gica y embriagador aroma de Mono\u00ef\u2013, enviamos muestras al reconocido laboratorio J.S. Hamilton Poland, que trabaja bajo los m\u00e1s altos est\u00e1ndares europeos. Once mujeres de 45 a 65 a\u00f1os la usaron dos veces al d\u00eda durante 55 [&hellip;]<\/p>\n","protected":false},"author":8,"featured_media":27437,"comment_status":"closed","ping_status":"closed","sticky":false,"template":"","format":"standard","meta":{"_acf_changed":false,"inline_featured_image":false,"ocean_post_layout":"","ocean_both_sidebars_style":"","ocean_both_sidebars_content_width":0,"ocean_both_sidebars_sidebars_width":0,"ocean_sidebar":"","ocean_second_sidebar":"","ocean_disable_margins":"enable","ocean_add_body_class":"","ocean_shortcode_before_top_bar":"","ocean_shortcode_after_top_bar":"","ocean_shortcode_before_header":"","ocean_shortcode_after_header":"","ocean_has_shortcode":"","ocean_shortcode_after_title":"","ocean_shortcode_before_footer_widgets":"","ocean_shortcode_after_footer_widgets":"","ocean_shortcode_before_footer_bottom":"","ocean_shortcode_after_footer_bottom":"","ocean_display_top_bar":"default","ocean_display_header":"default","ocean_header_style":"","ocean_center_header_left_menu":"","ocean_custom_header_template":"","ocean_custom_logo":0,"ocean_custom_retina_logo":0,"ocean_custom_logo_max_width":0,"ocean_custom_logo_tablet_max_width":0,"ocean_custom_logo_mobile_max_width":0,"ocean_custom_logo_max_height":0,"ocean_custom_logo_tablet_max_height":0,"ocean_custom_logo_mobile_max_height":0,"ocean_header_custom_menu":"","ocean_menu_typo_font_family":"","ocean_menu_typo_font_subset":"","ocean_menu_typo_font_size":0,"ocean_menu_typo_font_size_tablet":0,"ocean_menu_typo_font_size_mobile":0,"ocean_menu_typo_font_size_unit":"px","ocean_menu_typo_font_weight":"","ocean_menu_typo_font_weight_tablet":"","ocean_menu_typo_font_weight_mobile":"","ocean_menu_typo_transform":"","ocean_menu_typo_transform_tablet":"","ocean_menu_typo_transform_mobile":"","ocean_menu_typo_line_height":0,"ocean_menu_typo_line_height_tablet":0,"ocean_menu_typo_line_height_mobile":0,"ocean_menu_typo_line_height_unit":"","ocean_menu_typo_spacing":0,"ocean_menu_typo_spacing_tablet":0,"ocean_menu_typo_spacing_mobile":0,"ocean_menu_typo_spacing_unit":"","ocean_menu_link_color":"","ocean_menu_link_color_hover":"","ocean_menu_link_color_active":"","ocean_menu_link_background":"","ocean_menu_link_hover_background":"","ocean_menu_link_active_background":"","ocean_menu_social_links_bg":"","ocean_menu_social_hover_links_bg":"","ocean_menu_social_links_color":"","ocean_menu_social_hover_links_color":"","ocean_disable_title":"default","ocean_disable_heading":"default","ocean_post_title":"","ocean_post_subheading":"","ocean_post_title_style":"","ocean_post_title_background_color":"","ocean_post_title_background":0,"ocean_post_title_bg_image_position":"","ocean_post_title_bg_image_attachment":"","ocean_post_title_bg_image_repeat":"","ocean_post_title_bg_image_size":"","ocean_post_title_height":0,"ocean_post_title_bg_overlay":0.5,"ocean_post_title_bg_overlay_color":"","ocean_disable_breadcrumbs":"default","ocean_breadcrumbs_color":"","ocean_breadcrumbs_separator_color":"","ocean_breadcrumbs_links_color":"","ocean_breadcrumbs_links_hover_color":"","ocean_display_footer_widgets":"default","ocean_display_footer_bottom":"default","ocean_custom_footer_template":"","ocean_post_oembed":"","ocean_post_self_hosted_media":"","ocean_post_video_embed":"","ocean_link_format":"","ocean_link_format_target":"self","ocean_quote_format":"","ocean_quote_format_link":"post","ocean_gallery_link_images":"on","ocean_gallery_id":[],"footnotes":""},"categories":[97,800,98],"tags":[],"class_list":["post-27436","post","type-post","status-publish","format-standard","has-post-thumbnail","hentry","category-cosmeticos-anakena","category-ingredientes","category-productos","entry","has-media"],"acf":[],"amp_enabled":true,"_links":{"self":[{"href":"https:\/\/anakena-cosmetics.cl\/en\/wp-json\/wp\/v2\/posts\/27436","targetHints":{"allow":["GET"]}}],"collection":[{"href":"https:\/\/anakena-cosmetics.cl\/en\/wp-json\/wp\/v2\/posts"}],"about":[{"href":"https:\/\/anakena-cosmetics.cl\/en\/wp-json\/wp\/v2\/types\/post"}],"author":[{"embeddable":true,"href":"https:\/\/anakena-cosmetics.cl\/en\/wp-json\/wp\/v2\/users\/8"}],"replies":[{"embeddable":true,"href":"https:\/\/anakena-cosmetics.cl\/en\/wp-json\/wp\/v2\/comments?post=27436"}],"version-history":[{"count":9,"href":"https:\/\/anakena-cosmetics.cl\/en\/wp-json\/wp\/v2\/posts\/27436\/revisions"}],"predecessor-version":[{"id":27867,"href":"https:\/\/anakena-cosmetics.cl\/en\/wp-json\/wp\/v2\/posts\/27436\/revisions\/27867"}],"wp:featuredmedia":[{"embeddable":true,"href":"https:\/\/anakena-cosmetics.cl\/en\/wp-json\/wp\/v2\/media\/27437"}],"wp:attachment":[{"href":"https:\/\/anakena-cosmetics.cl\/en\/wp-json\/wp\/v2\/media?parent=27436"}],"wp:term":[{"taxonomy":"category","embeddable":true,"href":"https:\/\/anakena-cosmetics.cl\/en\/wp-json\/wp\/v2\/categories?post=27436"},{"taxonomy":"post_tag","embeddable":true,"href":"https:\/\/anakena-cosmetics.cl\/en\/wp-json\/wp\/v2\/tags?post=27436"}],"curies":[{"name":"wp","href":"https:\/\/api.w.org\/{rel}","templated":true}]}}