{"id":22849,"date":"2024-02-09T04:26:58","date_gmt":"2024-02-09T03:26:58","guid":{"rendered":"https:\/\/anakena-cosmetics.cl\/?p=22849"},"modified":"2025-04-06T06:43:56","modified_gmt":"2025-04-06T05:43:56","slug":"celebrate-tradition-and-culture-at-the-tapati-festival-with-anakena-natural-cosmetics","status":"publish","type":"post","link":"https:\/\/anakena-cosmetics.cl\/en\/celebra-la-tradicion-y-la-cultura-en-el-festival-tapati-con-anakena-natural-cosmetics\/","title":{"rendered":"Celebrate tradition and culture at the Tapati Festival with Anakena - Natural Cosmetics"},"content":{"rendered":"<div data-elementor-type=\"wp-post\" data-elementor-id=\"22849\" class=\"elementor elementor-22849\" data-elementor-settings=\"{&quot;ha_cmc_init_switcher&quot;:&quot;no&quot;}\" data-elementor-post-type=\"post\">\n\t\t\t\t\t\t<section class=\"elementor-section elementor-top-section elementor-element elementor-element-378c306 elementor-section-boxed elementor-section-height-default elementor-section-height-default\" data-id=\"378c306\" data-element_type=\"section\" data-e-type=\"section\" data-settings=\"{&quot;_ha_eqh_enable&quot;:false}\">\n\t\t\t\t\t\t<div class=\"elementor-container elementor-column-gap-default\">\n\t\t\t\t\t<div class=\"elementor-column elementor-col-100 elementor-top-column elementor-element elementor-element-4eb17f46\" data-id=\"4eb17f46\" data-element_type=\"column\" data-e-type=\"column\">\n\t\t\t<div class=\"elementor-widget-wrap elementor-element-populated\">\n\t\t\t\t\t\t<div class=\"elementor-element elementor-element-592e579f elementor-widget elementor-widget-text-editor\" data-id=\"592e579f\" data-element_type=\"widget\" data-e-type=\"widget\" data-widget_type=\"text-editor.default\">\n\t\t\t\t<div class=\"elementor-widget-container\">\n\t\t\t\t\t\t\t\t\t\n<p>Each February, the remote and mystical island of <a href=\"https:\/\/anakena-cosmetics.cl\/es\/descubrenos\/isla-de-pascua\/\" target=\"_blank\" rel=\"noopener\"><span style=\"color: #cdaa58;\">Rapa Nui<\/span> <\/a>(Easter Island) comes alive with the T\u0100PATI Festival, an authentic celebration of Polynesian culture and traditions. This year, the festival will delight us from February 9 to 17, 2024 and will offer a unique insight into the island's rich heritage.<br \/>At Anakena - Natural Cosmetics, a brand born on Rapa Nui, we believe in the importance of celebrating natural beauty and cultural traditions, values that are deeply connected to the spirit of Tapati. \"Tapati Rapa Nui\" is not only a festival, but also a demonstration of the community's commitment to its heritage and history, manifested through ancestral sports, handicrafts and artistic performances that highlight the symbiotic relationship between man and nature.<br \/><br \/>\u2605 A competition that celebrates culture \u2605<br \/>Tapati Rapa Nui is more than a festival, it is a traditional competition in which clans select candidates for the title of Queen based on their performance in various cultural events. One of the highlights of the festival is the \"Tau'a Rapa Nui\", a triathlon in which the islanders demonstrate their physical prowess and deep connection with the environment. Participants compete in a rowing race in reed boats, race carrying banana plants and finally swim in small reed canoes, demonstrating their skills and strength passed down from generation to generation.<br \/><br \/>\u2605 Arts and crafts \u2605<br \/>The festival also features a showcase of traditional arts and crafts, with competitions in mahute tailoring (the bark of the Morus papyrifera plant is used to make cloth), stone and wood carving, and traditional costume and necklace making. These activities not only celebrate the artistic talent of the Rapanui people, but also emphasize the sustainable use of natural materials, a principle that coincides with Anakena - Natural Cosmetics' commitment to ecological beauty.<br \/><br \/><span class=\"x3nfvp2 x1j61x8r x1fcty0u xdj266r xhhsvwb xat24cr xgzva0m xxymvpz xlup9mm x1kky2od\"><img decoding=\"async\" class=\"xz74otr\" src=\"https:\/\/static.xx.fbcdn.net\/images\/emoji.php\/v9\/tdc\/3\/16\/1f3b5.png\" alt=\"\ud83c\udfb5\" width=\"16\" height=\"16\" \/><\/span> An evening of dance and storytelling <span class=\"x3nfvp2 x1j61x8r x1fcty0u xdj266r xhhsvwb xat24cr xgzva0m xxymvpz xlup9mm x1kky2od\"><img decoding=\"async\" class=\"xz74otr\" src=\"https:\/\/static.xx.fbcdn.net\/images\/emoji.php\/v9\/tdc\/3\/16\/1f3b5.png\" alt=\"\ud83c\udfb5\" width=\"16\" height=\"16\" \/><\/span><br \/>When the sun sets, Tapati is transformed into a breathtaking spectacle of dance and music. \"Takona,\" body painting with natural pigments, and \"Kai Kai,\" a narrative art with carved figures, are especially impressive and embody the islanders' storytelling traditions and their deep connection to their legends and history.<br \/><br \/>\u2605 Celebrate the Tapati Festival with Anakena \u2605<br \/>Anakena - Natural Cosmetics, invites you to discover the magic of the Tapati Festival, a celebration where we see reflected our commitment to natural beauty, sustainability and cultural preservation. In our products, we strive to capture the essence of these ancestral traditions to bring to every corner of Chile the spirit of the culture and natural richness of Rapa Nui.<br \/><br \/>Together, let us nurture and maintain these beautiful traditions to celebrate the natural and cultural heritage that makes our world so wonderfully diverse.<\/p>\n\t\t\t\t\t\t\t\t<\/div>\n\t\t\t\t<\/div>\n\t\t\t\t\t<\/div>\n\t\t<\/div>\n\t\t\t\t\t<\/div>\n\t\t<\/section>\n\t\t\t\t<section class=\"elementor-section elementor-top-section elementor-element elementor-element-803dbc6 elementor-section-boxed elementor-section-height-default elementor-section-height-default\" data-id=\"803dbc6\" data-element_type=\"section\" data-e-type=\"section\" data-settings=\"{&quot;_ha_eqh_enable&quot;:false}\">\n\t\t\t\t\t\t<div class=\"elementor-container elementor-column-gap-default\">\n\t\t\t\t\t<div class=\"elementor-column elementor-col-100 elementor-top-column elementor-element elementor-element-0584e65\" data-id=\"0584e65\" data-element_type=\"column\" data-e-type=\"column\">\n\t\t\t<div class=\"elementor-widget-wrap elementor-element-populated\">\n\t\t\t\t\t\t<div class=\"elementor-element elementor-element-d879de9 elementor-widget elementor-widget-ha-pdf-view happy-addon ha-pdf-view\" data-id=\"d879de9\" data-element_type=\"widget\" data-e-type=\"widget\" data-widget_type=\"ha-pdf-view.default\">\n\t\t\t\t<div class=\"elementor-widget-container\">\n\t\t\t\t\t        <div class=\"pdf_viewer_container\">\n            <div class=\"pdf_viewer_options viewer-d879de9\" data-pdf-settings=\"{&quot;unique_id&quot;:&quot;viewer-d879de9&quot;,&quot;pdf_url&quot;:&quot;https:\\\/\\\/anakena-cosmetics.cl\\\/wp-content\\\/uploads\\\/2024\\\/02\\\/Programa-Tapati-Rapa-Nui-2024.pdf&quot;,&quot;file_type&quot;:&quot;upload_file&quot;,&quot;page_number&quot;:&quot;1&quot;,&quot;width&quot;:&quot;100%&quot;,&quot;height&quot;:&quot;600px&quot;}\">\n\t\t\t\t<span class=\"ha-title-flex\">\n\t\t\t\t\t<span class=\"pdf-icon\">\n\t\t\t\t\t\t<i aria-hidden=\"true\" class=\"fas fa-file-pdf\"><\/i>\t\t\t\t\t<\/span>\n\t\t\t\t\t<h2 class=\"ha-pdf-title\">Tapati Rapa Nui 2024 Program<\/h2>\t\t\t\t<\/span>\n\t\t\t\t                <div class=\"pdf-button\">\n                <a href=\"https:\/\/anakena-cosmetics.cl\/wp-content\/uploads\/2024\/02\/Programa-Tapati-Rapa-Nui-2024.pdf\" class=\"ha-btn\" download title=\"Tapati Rapa Nui 2024 Program\">Download<\/a>                <\/div>\n            <\/div>\n\n\t\t\t<div>\n\t\t\t\t<div id=\"viewer-d879de9\"><\/div>\n\t\t\t<\/div>\n\n        <\/div>\n        \t\t\t\t<\/div>\n\t\t\t\t<\/div>\n\t\t\t\t\t<\/div>\n\t\t<\/div>\n\t\t\t\t\t<\/div>\n\t\t<\/section>\n\t\t\t\t<\/div>","protected":false},"excerpt":{"rendered":"<p>Cada febrero, la remota y m\u00edstica isla de Rapa Nui (Isla de Pascua) se llena de vida con el Festival T\u0100PATI, una aut\u00e9ntica celebraci\u00f3n de la cultura y las tradiciones polinesias. Este a\u00f1o, el festival nos deleitar\u00e1 del 9 al 17 de febrero de 2024 y ofrecer\u00e1 una visi\u00f3n \u00fanica del rico patrimonio de la [&hellip;]<\/p>\n","protected":false},"author":8,"featured_media":22850,"comment_status":"closed","ping_status":"closed","sticky":false,"template":"","format":"standard","meta":{"_acf_changed":false,"inline_featured_image":false,"ocean_post_layout":"","ocean_both_sidebars_style":"","ocean_both_sidebars_content_width":0,"ocean_both_sidebars_sidebars_width":0,"ocean_sidebar":"","ocean_second_sidebar":"","ocean_disable_margins":"enable","ocean_add_body_class":"","ocean_shortcode_before_top_bar":"","ocean_shortcode_after_top_bar":"","ocean_shortcode_before_header":"","ocean_shortcode_after_header":"","ocean_has_shortcode":"","ocean_shortcode_after_title":"","ocean_shortcode_before_footer_widgets":"","ocean_shortcode_after_footer_widgets":"","ocean_shortcode_before_footer_bottom":"","ocean_shortcode_after_footer_bottom":"","ocean_display_top_bar":"default","ocean_display_header":"default","ocean_header_style":"","ocean_center_header_left_menu":"","ocean_custom_header_template":"","ocean_custom_logo":0,"ocean_custom_retina_logo":0,"ocean_custom_logo_max_width":0,"ocean_custom_logo_tablet_max_width":0,"ocean_custom_logo_mobile_max_width":0,"ocean_custom_logo_max_height":0,"ocean_custom_logo_tablet_max_height":0,"ocean_custom_logo_mobile_max_height":0,"ocean_header_custom_menu":"","ocean_menu_typo_font_family":"","ocean_menu_typo_font_subset":"","ocean_menu_typo_font_size":0,"ocean_menu_typo_font_size_tablet":0,"ocean_menu_typo_font_size_mobile":0,"ocean_menu_typo_font_size_unit":"px","ocean_menu_typo_font_weight":"","ocean_menu_typo_font_weight_tablet":"","ocean_menu_typo_font_weight_mobile":"","ocean_menu_typo_transform":"","ocean_menu_typo_transform_tablet":"","ocean_menu_typo_transform_mobile":"","ocean_menu_typo_line_height":0,"ocean_menu_typo_line_height_tablet":0,"ocean_menu_typo_line_height_mobile":0,"ocean_menu_typo_line_height_unit":"","ocean_menu_typo_spacing":0,"ocean_menu_typo_spacing_tablet":0,"ocean_menu_typo_spacing_mobile":0,"ocean_menu_typo_spacing_unit":"","ocean_menu_link_color":"","ocean_menu_link_color_hover":"","ocean_menu_link_color_active":"","ocean_menu_link_background":"","ocean_menu_link_hover_background":"","ocean_menu_link_active_background":"","ocean_menu_social_links_bg":"","ocean_menu_social_hover_links_bg":"","ocean_menu_social_links_color":"","ocean_menu_social_hover_links_color":"","ocean_disable_title":"default","ocean_disable_heading":"default","ocean_post_title":"","ocean_post_subheading":"","ocean_post_title_style":"","ocean_post_title_background_color":"","ocean_post_title_background":0,"ocean_post_title_bg_image_position":"","ocean_post_title_bg_image_attachment":"","ocean_post_title_bg_image_repeat":"","ocean_post_title_bg_image_size":"","ocean_post_title_height":0,"ocean_post_title_bg_overlay":0.5,"ocean_post_title_bg_overlay_color":"","ocean_disable_breadcrumbs":"default","ocean_breadcrumbs_color":"","ocean_breadcrumbs_separator_color":"","ocean_breadcrumbs_links_color":"","ocean_breadcrumbs_links_hover_color":"","ocean_display_footer_widgets":"default","ocean_display_footer_bottom":"default","ocean_custom_footer_template":"","ocean_post_oembed":"","ocean_post_self_hosted_media":"","ocean_post_video_embed":"","ocean_link_format":"","ocean_link_format_target":"self","ocean_quote_format":"","ocean_quote_format_link":"post","ocean_gallery_link_images":"on","ocean_gallery_id":[],"footnotes":""},"categories":[821,799],"tags":[],"class_list":["post-22849","post","type-post","status-publish","format-standard","has-post-thumbnail","hentry","category-isla-de-pascua","category-rapa-nui","entry","has-media"],"acf":[],"amp_enabled":true,"_links":{"self":[{"href":"https:\/\/anakena-cosmetics.cl\/en\/wp-json\/wp\/v2\/posts\/22849","targetHints":{"allow":["GET"]}}],"collection":[{"href":"https:\/\/anakena-cosmetics.cl\/en\/wp-json\/wp\/v2\/posts"}],"about":[{"href":"https:\/\/anakena-cosmetics.cl\/en\/wp-json\/wp\/v2\/types\/post"}],"author":[{"embeddable":true,"href":"https:\/\/anakena-cosmetics.cl\/en\/wp-json\/wp\/v2\/users\/8"}],"replies":[{"embeddable":true,"href":"https:\/\/anakena-cosmetics.cl\/en\/wp-json\/wp\/v2\/comments?post=22849"}],"version-history":[{"count":0,"href":"https:\/\/anakena-cosmetics.cl\/en\/wp-json\/wp\/v2\/posts\/22849\/revisions"}],"wp:featuredmedia":[{"embeddable":true,"href":"https:\/\/anakena-cosmetics.cl\/en\/wp-json\/wp\/v2\/media\/22850"}],"wp:attachment":[{"href":"https:\/\/anakena-cosmetics.cl\/en\/wp-json\/wp\/v2\/media?parent=22849"}],"wp:term":[{"taxonomy":"category","embeddable":true,"href":"https:\/\/anakena-cosmetics.cl\/en\/wp-json\/wp\/v2\/categories?post=22849"},{"taxonomy":"post_tag","embeddable":true,"href":"https:\/\/anakena-cosmetics.cl\/en\/wp-json\/wp\/v2\/tags?post=22849"}],"curies":[{"name":"wp","href":"https:\/\/api.w.org\/{rel}","templated":true}]}}