{"id":18067,"date":"2022-06-23T06:16:57","date_gmt":"2022-06-23T05:16:57","guid":{"rendered":"https:\/\/anakena-cosmetics.cl\/?p=18067"},"modified":"2022-07-08T00:15:50","modified_gmt":"2022-07-07T23:15:50","slug":"coffee-plants-in-rapa-nui","status":"publish","type":"post","link":"https:\/\/anakena-cosmetics.cl\/en\/plantas-de-cafe-en-rapa-nui\/","title":{"rendered":"Coffee Plants in Rapa Nui"},"content":{"rendered":"<p>Today we want to tell you about the coffee plants that grow successfully in our organic garden, thanks to the gift we received from a Rapa Nui friend a couple of years ago. We have them in a \"manavai\", which is a circular structure made of stones that has been used since ancient times on the island to grow plants, as it is a very efficient way to maintain humidity and protect them from animals.<\/p>\n<p>Although the exact date is unknown, it is most likely that coffee arrived on Rapa Nui in the 19th century, brought by the Easter Island Exploitation Company. Although in small quantities, coffee has been cultivated on the island since that time and is currently considered a Rapa Nui coffee.<\/p>\n<p>In the Rapa Nui language, coffee is called kap\u0113 and has traditionally been cultivated for own consumption, especially before the arrival of international brands of instant coffee, that is, until the mid-1970s. <br \/>Today some plants can be seen in the Hanga Roa sector of Easter Island, but very few people harvest and prepare coffee, since in reality it is a multi-stage process.<br \/><br \/>We are coffee lovers (between 2002 and 2006 the owner of the company Rapa Nui Natural Products opened the first coffee shop on the island called Caf\u00e9 Ra'a), and that is why we have been harvesting our coffee for several years. When we had the store \"Rapa Nui Natural Products\" that was next to the square in Hanga Roa, our coffee was one of the gourmet products that we offered.<br \/><br \/>In the wild, coffee plants can be found on the slopes of the Rano Kau volcano, where there is a special and very favorable microclimate, not only for the growth of this plant, but also for many others such as avocado, grapes, matu'a pua, etc.<br \/><br \/>The taste of Rapa Nui coffee is exquisite, and we say this not only because we know how much work is needed to be able to drink a cup of coffee grown on this isolated island.<br \/><br \/><\/p>\n<div id='gallery-1' class='gallery galleryid-18067 gallery-columns-3 gallery-size-medium'><figure class='gallery-item'>\n\t\t\t<div class='gallery-icon portrait'>\n\t\t\t\t<a href='https:\/\/anakena-cosmetics.cl\/en\/plantas-de-cafe-en-rapa-nui\/2-4\/'><img fetchpriority=\"high\" decoding=\"async\" width=\"225\" height=\"300\" src=\"https:\/\/anakena-cosmetics.cl\/wp-content\/uploads\/2022\/06\/2-225x300.jpg\" class=\"attachment-medium size-medium\" alt=\"Coffee plant in Rapa Nui\" aria-describedby=\"gallery-1-18072\" srcset=\"https:\/\/anakena-cosmetics.cl\/wp-content\/uploads\/2022\/06\/2-225x300.jpg 225w, https:\/\/anakena-cosmetics.cl\/wp-content\/uploads\/2022\/06\/2-768x1024.jpg 768w, https:\/\/anakena-cosmetics.cl\/wp-content\/uploads\/2022\/06\/2-9x12.jpg 9w, https:\/\/anakena-cosmetics.cl\/wp-content\/uploads\/2022\/06\/2.jpg 1080w\" sizes=\"(max-width: 225px) 100vw, 225px\" \/><\/a>\n\t\t\t<\/div>\n\t\t\t\t<figcaption class='wp-caption-text gallery-caption' id='gallery-1-18072'>\n\t\t\t\tCoffee plant in Rapa Nui\n\t\t\t\t<\/figcaption><\/figure><figure class='gallery-item'>\n\t\t\t<div class='gallery-icon portrait'>\n\t\t\t\t<a href='https:\/\/anakena-cosmetics.cl\/en\/plantas-de-cafe-en-rapa-nui\/1-4\/'><img decoding=\"async\" width=\"225\" height=\"300\" src=\"https:\/\/anakena-cosmetics.cl\/wp-content\/uploads\/2022\/06\/1-225x300.jpg\" class=\"attachment-medium size-medium\" alt=\"Coffee plant in Rapa Nui\" aria-describedby=\"gallery-1-18071\" srcset=\"https:\/\/anakena-cosmetics.cl\/wp-content\/uploads\/2022\/06\/1-225x300.jpg 225w, https:\/\/anakena-cosmetics.cl\/wp-content\/uploads\/2022\/06\/1-768x1024.jpg 768w, https:\/\/anakena-cosmetics.cl\/wp-content\/uploads\/2022\/06\/1-9x12.jpg 9w, https:\/\/anakena-cosmetics.cl\/wp-content\/uploads\/2022\/06\/1.jpg 960w\" sizes=\"(max-width: 225px) 100vw, 225px\" \/><\/a>\n\t\t\t<\/div>\n\t\t\t\t<figcaption class='wp-caption-text gallery-caption' id='gallery-1-18071'>\n\t\t\t\tCoffee plant in our organic garden\n\t\t\t\t<\/figcaption><\/figure><figure class='gallery-item'>\n\t\t\t<div class='gallery-icon portrait'>\n\t\t\t\t<a href='https:\/\/anakena-cosmetics.cl\/en\/plantas-de-cafe-en-rapa-nui\/3-5\/'><img decoding=\"async\" width=\"225\" height=\"300\" src=\"https:\/\/anakena-cosmetics.cl\/wp-content\/uploads\/2022\/06\/3-225x300.jpg\" class=\"attachment-medium size-medium\" alt=\"freshly harvested coffee in Rapa Nui\" aria-describedby=\"gallery-1-18073\" srcset=\"https:\/\/anakena-cosmetics.cl\/wp-content\/uploads\/2022\/06\/3-225x300.jpg 225w, https:\/\/anakena-cosmetics.cl\/wp-content\/uploads\/2022\/06\/3-768x1024.jpg 768w, https:\/\/anakena-cosmetics.cl\/wp-content\/uploads\/2022\/06\/3-9x12.jpg 9w, https:\/\/anakena-cosmetics.cl\/wp-content\/uploads\/2022\/06\/3.jpg 960w\" sizes=\"(max-width: 225px) 100vw, 225px\" \/><\/a>\n\t\t\t<\/div>\n\t\t\t\t<figcaption class='wp-caption-text gallery-caption' id='gallery-1-18073'>\n\t\t\t\tFreshly harvested coffee in Rapa Nui\n\t\t\t\t<\/figcaption><\/figure><figure class='gallery-item'>\n\t\t\t<div class='gallery-icon portrait'>\n\t\t\t\t<a href='https:\/\/anakena-cosmetics.cl\/en\/plantas-de-cafe-en-rapa-nui\/4-3\/'><img loading=\"lazy\" decoding=\"async\" width=\"225\" height=\"300\" src=\"https:\/\/anakena-cosmetics.cl\/wp-content\/uploads\/2022\/06\/4-225x300.jpg\" class=\"attachment-medium size-medium\" alt=\"coffee on Rapa Nui drying\" aria-describedby=\"gallery-1-18077\" srcset=\"https:\/\/anakena-cosmetics.cl\/wp-content\/uploads\/2022\/06\/4-225x300.jpg 225w, https:\/\/anakena-cosmetics.cl\/wp-content\/uploads\/2022\/06\/4-768x1024.jpg 768w, https:\/\/anakena-cosmetics.cl\/wp-content\/uploads\/2022\/06\/4-9x12.jpg 9w, https:\/\/anakena-cosmetics.cl\/wp-content\/uploads\/2022\/06\/4.jpg 960w\" sizes=\"(max-width: 225px) 100vw, 225px\" \/><\/a>\n\t\t\t<\/div>\n\t\t\t\t<figcaption class='wp-caption-text gallery-caption' id='gallery-1-18077'>\n\t\t\t\tCoffee in Rapa Nui drying\n\t\t\t\t<\/figcaption><\/figure><figure class='gallery-item'>\n\t\t\t<div class='gallery-icon portrait'>\n\t\t\t\t<a href='https:\/\/anakena-cosmetics.cl\/en\/plantas-de-cafe-en-rapa-nui\/thumbnail_img_4008\/'><img loading=\"lazy\" decoding=\"async\" width=\"225\" height=\"300\" src=\"https:\/\/anakena-cosmetics.cl\/wp-content\/uploads\/2022\/06\/thumbnail_IMG_4008-225x300.jpg\" class=\"attachment-medium size-medium\" alt=\"kap\u0113 Rapa Nui\" aria-describedby=\"gallery-1-18081\" srcset=\"https:\/\/anakena-cosmetics.cl\/wp-content\/uploads\/2022\/06\/thumbnail_IMG_4008-225x300.jpg 225w, https:\/\/anakena-cosmetics.cl\/wp-content\/uploads\/2022\/06\/thumbnail_IMG_4008-768x1024.jpg 768w, https:\/\/anakena-cosmetics.cl\/wp-content\/uploads\/2022\/06\/thumbnail_IMG_4008-9x12.jpg 9w, https:\/\/anakena-cosmetics.cl\/wp-content\/uploads\/2022\/06\/thumbnail_IMG_4008.jpg 960w\" sizes=\"(max-width: 225px) 100vw, 225px\" \/><\/a>\n\t\t\t<\/div>\n\t\t\t\t<figcaption class='wp-caption-text gallery-caption' id='gallery-1-18081'>\n\t\t\t\tKap\u0113 Rapa Nui toast\n\t\t\t\t<\/figcaption><\/figure><figure class='gallery-item'>\n\t\t\t<div class='gallery-icon portrait'>\n\t\t\t\t<a href='https:\/\/anakena-cosmetics.cl\/en\/plantas-de-cafe-en-rapa-nui\/7-2\/'><img loading=\"lazy\" decoding=\"async\" width=\"204\" height=\"300\" src=\"https:\/\/anakena-cosmetics.cl\/wp-content\/uploads\/2022\/06\/7-204x300.jpg\" class=\"attachment-medium size-medium\" alt=\"Coffee from our company Rapa Nui Natural Products\" aria-describedby=\"gallery-1-18076\" srcset=\"https:\/\/anakena-cosmetics.cl\/wp-content\/uploads\/2022\/06\/7-204x300.jpg 204w, https:\/\/anakena-cosmetics.cl\/wp-content\/uploads\/2022\/06\/7-696x1024.jpg 696w, https:\/\/anakena-cosmetics.cl\/wp-content\/uploads\/2022\/06\/7-768x1129.jpg 768w, https:\/\/anakena-cosmetics.cl\/wp-content\/uploads\/2022\/06\/7-1045x1536.jpg 1045w, https:\/\/anakena-cosmetics.cl\/wp-content\/uploads\/2022\/06\/7-8x12.jpg 8w, https:\/\/anakena-cosmetics.cl\/wp-content\/uploads\/2022\/06\/7.jpg 1371w\" sizes=\"(max-width: 204px) 100vw, 204px\" \/><\/a>\n\t\t\t<\/div>\n\t\t\t\t<figcaption class='wp-caption-text gallery-caption' id='gallery-1-18076'>\n\t\t\t\tCoffee from our company Rapa Nui Natural Products\n\t\t\t\t<\/figcaption><\/figure>\n\t\t<\/div>\n\n<p>\u00a0<\/p>\n<p>\u00a0<\/p>","protected":false},"excerpt":{"rendered":"<p>Hoy queremos hablarles de las plantas de caf\u00e9 que crecen exitosamente en nuestro jard\u00edn org\u00e1nico, gracias al regalo que recibimos de una amiga Rapa Nui hace un par de a\u00f1os. Los tenemos en un \u201cmanavai\u201d, que es una estructura circular hecha con piedras que se utiliza desde tiempos antiguos en la isla para cultivar plantas, [&hellip;]<\/p>\n","protected":false},"author":8,"featured_media":18069,"comment_status":"closed","ping_status":"closed","sticky":false,"template":"","format":"standard","meta":{"_acf_changed":false,"inline_featured_image":false,"ocean_post_layout":"","ocean_both_sidebars_style":"","ocean_both_sidebars_content_width":0,"ocean_both_sidebars_sidebars_width":0,"ocean_sidebar":"0","ocean_second_sidebar":"0","ocean_disable_margins":"enable","ocean_add_body_class":"","ocean_shortcode_before_top_bar":"","ocean_shortcode_after_top_bar":"","ocean_shortcode_before_header":"","ocean_shortcode_after_header":"","ocean_has_shortcode":"","ocean_shortcode_after_title":"","ocean_shortcode_before_footer_widgets":"","ocean_shortcode_after_footer_widgets":"","ocean_shortcode_before_footer_bottom":"","ocean_shortcode_after_footer_bottom":"","ocean_display_top_bar":"default","ocean_display_header":"default","ocean_header_style":"","ocean_center_header_left_menu":"0","ocean_custom_header_template":"0","ocean_custom_logo":0,"ocean_custom_retina_logo":0,"ocean_custom_logo_max_width":0,"ocean_custom_logo_tablet_max_width":0,"ocean_custom_logo_mobile_max_width":0,"ocean_custom_logo_max_height":0,"ocean_custom_logo_tablet_max_height":0,"ocean_custom_logo_mobile_max_height":0,"ocean_header_custom_menu":"0","ocean_menu_typo_font_family":"0","ocean_menu_typo_font_subset":"","ocean_menu_typo_font_size":0,"ocean_menu_typo_font_size_tablet":0,"ocean_menu_typo_font_size_mobile":0,"ocean_menu_typo_font_size_unit":"px","ocean_menu_typo_font_weight":"","ocean_menu_typo_font_weight_tablet":"","ocean_menu_typo_font_weight_mobile":"","ocean_menu_typo_transform":"","ocean_menu_typo_transform_tablet":"","ocean_menu_typo_transform_mobile":"","ocean_menu_typo_line_height":0,"ocean_menu_typo_line_height_tablet":0,"ocean_menu_typo_line_height_mobile":0,"ocean_menu_typo_line_height_unit":"","ocean_menu_typo_spacing":0,"ocean_menu_typo_spacing_tablet":0,"ocean_menu_typo_spacing_mobile":0,"ocean_menu_typo_spacing_unit":"","ocean_menu_link_color":"","ocean_menu_link_color_hover":"","ocean_menu_link_color_active":"","ocean_menu_link_background":"","ocean_menu_link_hover_background":"","ocean_menu_link_active_background":"","ocean_menu_social_links_bg":"","ocean_menu_social_hover_links_bg":"","ocean_menu_social_links_color":"","ocean_menu_social_hover_links_color":"","ocean_disable_title":"default","ocean_disable_heading":"default","ocean_post_title":"","ocean_post_subheading":"","ocean_post_title_style":"","ocean_post_title_background_color":"","ocean_post_title_background":0,"ocean_post_title_bg_image_position":"","ocean_post_title_bg_image_attachment":"","ocean_post_title_bg_image_repeat":"","ocean_post_title_bg_image_size":"","ocean_post_title_height":0,"ocean_post_title_bg_overlay":0.5,"ocean_post_title_bg_overlay_color":"","ocean_disable_breadcrumbs":"default","ocean_breadcrumbs_color":"","ocean_breadcrumbs_separator_color":"","ocean_breadcrumbs_links_color":"","ocean_breadcrumbs_links_hover_color":"","ocean_display_footer_widgets":"default","ocean_display_footer_bottom":"default","ocean_custom_footer_template":"0","ocean_post_oembed":"","ocean_post_self_hosted_media":"","ocean_post_video_embed":"","ocean_link_format":"","ocean_link_format_target":"self","ocean_quote_format":"","ocean_quote_format_link":"post","ocean_gallery_link_images":"off","ocean_gallery_id":[],"footnotes":""},"categories":[93,799],"tags":[],"class_list":["post-18067","post","type-post","status-publish","format-standard","has-post-thumbnail","hentry","category-nuestra-ubicacion","category-rapa-nui","entry","has-media"],"acf":[],"amp_enabled":true,"_links":{"self":[{"href":"https:\/\/anakena-cosmetics.cl\/en\/wp-json\/wp\/v2\/posts\/18067","targetHints":{"allow":["GET"]}}],"collection":[{"href":"https:\/\/anakena-cosmetics.cl\/en\/wp-json\/wp\/v2\/posts"}],"about":[{"href":"https:\/\/anakena-cosmetics.cl\/en\/wp-json\/wp\/v2\/types\/post"}],"author":[{"embeddable":true,"href":"https:\/\/anakena-cosmetics.cl\/en\/wp-json\/wp\/v2\/users\/8"}],"replies":[{"embeddable":true,"href":"https:\/\/anakena-cosmetics.cl\/en\/wp-json\/wp\/v2\/comments?post=18067"}],"version-history":[{"count":0,"href":"https:\/\/anakena-cosmetics.cl\/en\/wp-json\/wp\/v2\/posts\/18067\/revisions"}],"wp:featuredmedia":[{"embeddable":true,"href":"https:\/\/anakena-cosmetics.cl\/en\/wp-json\/wp\/v2\/media\/18069"}],"wp:attachment":[{"href":"https:\/\/anakena-cosmetics.cl\/en\/wp-json\/wp\/v2\/media?parent=18067"}],"wp:term":[{"taxonomy":"category","embeddable":true,"href":"https:\/\/anakena-cosmetics.cl\/en\/wp-json\/wp\/v2\/categories?post=18067"},{"taxonomy":"post_tag","embeddable":true,"href":"https:\/\/anakena-cosmetics.cl\/en\/wp-json\/wp\/v2\/tags?post=18067"}],"curies":[{"name":"wp","href":"https:\/\/api.w.org\/{rel}","templated":true}]}}