{"id":16334,"date":"2021-11-03T08:55:38","date_gmt":"2021-11-03T07:55:38","guid":{"rendered":"https:\/\/anakena-cosmetics.cl\/?p=16334"},"modified":"2022-04-05T00:26:54","modified_gmt":"2022-04-04T23:26:54","slug":"phytokeratin-in-anakena-balm","status":"publish","type":"post","link":"https:\/\/anakena-cosmetics.cl\/en\/phytoqueratina-en-balsamo-anakena\/","title":{"rendered":"Phytokeratin, the Anakena balm revolution"},"content":{"rendered":"<p>Keratin is a protein generated by our body that is responsible for protecting hair and nails from wear and tear and damage caused by external agents such as dyes, pollution, chlorine, exposure to UV rays from the sun, etc.<\/p>\n<p>Our hair is made up of keratin fibrils, therefore keratin is a fundamental component of the hair structure, which determines its appearance and texture.<\/p>\n<p>However, hair strength and firmness can be compromised by environmental factors such as sun rays, air pollutants, excessive blow-drying or straightening, as well as stress, which can affect the keratin structure of our hair, resulting in dry, weak and dull hair.<\/p>\n<p>Now ANAKENA puts the solution to this problem in your hands!<\/p>\n<p>Phytokeratin is one of the important natural ingredients of Anakena conditioning balm. It has a high effectiveness in hair care. Its INCI name - placed on the label of our balm - is: Hydrolized Corn Protein &amp; Hrydrolized Wheat Protein &amp; Hydrolized Soy Protein.<img fetchpriority=\"high\" decoding=\"async\" class=\"aligncenter  wp-image-16338\" src=\"https:\/\/anakena-cosmetics.cl\/wp-content\/uploads\/2021\/11\/wheat-300x196.png\" alt=\"wheat\" width=\"453\" height=\"296\" srcset=\"https:\/\/anakena-cosmetics.cl\/wp-content\/uploads\/2021\/11\/wheat-300x196.png 300w, https:\/\/anakena-cosmetics.cl\/wp-content\/uploads\/2021\/11\/wheat-1024x668.png 1024w, https:\/\/anakena-cosmetics.cl\/wp-content\/uploads\/2021\/11\/wheat-768x501.png 768w, https:\/\/anakena-cosmetics.cl\/wp-content\/uploads\/2021\/11\/wheat-1536x1001.png 1536w, https:\/\/anakena-cosmetics.cl\/wp-content\/uploads\/2021\/11\/wheat-18x12.png 18w, https:\/\/anakena-cosmetics.cl\/wp-content\/uploads\/2021\/11\/wheat.png 1643w\" sizes=\"(max-width: 453px) 100vw, 453px\" \/><\/p>\n<p style=\"text-align: center;\"><sup>Illustration: Shutterstock<\/sup><\/p>\n<p>Phytokeratin or Vegetable Keratin is an innovative formula and a vegetable alternative to animal proteins. It is a natural protein obtained from vegetable proteins, especially from corn, wheat and soy. It is made up of 18 amino acids and is a replica of the hair's natural keratin, making it perfect for reconstructing and regenerating hair.<\/p>\n<p>Highly insoluble and with a very low molecular weight, vegetable keratin penetrates deep into the hair fiber creating a protective barrier, thus making up for the lack of natural keratin. The hair is thus hydrated from the inside, recovering its shine and resistance.<\/p>\n<p>Benefits for your hair with regular use of Anakena Nourishing Balm:<\/p>\n<p>\u25cf Improves hair hydration<br \/>\u25cf Repairs damaged hair<br \/>\u25cf Provides more shine and energy to the hair<br \/>\u25cf Increases levels of naturally occurring free amino acids, providing hair with abundant moisture and nutrients<br \/>\u25cf Facilitates combing and therefore reduces damage that can be caused by excessive brushing.<\/p>\n<p>\u00a0<\/p>\n<p style=\"text-align: center;\"><img decoding=\"async\" class=\"aligncenter  wp-image-16377\" src=\"https:\/\/anakena-cosmetics.cl\/wp-content\/uploads\/2021\/11\/Balsamo-Blog-Phytoqueratina-03_11_21-300x300.png\" alt=\"Anakena Nourishing Balm with Phytokeratin\" width=\"633\" height=\"633\" srcset=\"https:\/\/anakena-cosmetics.cl\/wp-content\/uploads\/2021\/11\/Balsamo-Blog-Phytoqueratina-03_11_21-300x300.png 300w, https:\/\/anakena-cosmetics.cl\/wp-content\/uploads\/2021\/11\/Balsamo-Blog-Phytoqueratina-03_11_21-1024x1024.png 1024w, https:\/\/anakena-cosmetics.cl\/wp-content\/uploads\/2021\/11\/Balsamo-Blog-Phytoqueratina-03_11_21-150x150.png 150w, https:\/\/anakena-cosmetics.cl\/wp-content\/uploads\/2021\/11\/Balsamo-Blog-Phytoqueratina-03_11_21-768x768.png 768w, https:\/\/anakena-cosmetics.cl\/wp-content\/uploads\/2021\/11\/Balsamo-Blog-Phytoqueratina-03_11_21-12x12.png 12w, https:\/\/anakena-cosmetics.cl\/wp-content\/uploads\/2021\/11\/Balsamo-Blog-Phytoqueratina-03_11_21.png 1080w\" sizes=\"(max-width: 633px) 100vw, 633px\" \/><\/p>","protected":false},"excerpt":{"rendered":"<p>La queratina es una prote\u00edna que genera nuestro cuerpo y que es la responsable de proteger el cabello y las u\u00f1as del desgaste y del da\u00f1o producido por los agentes externos como tintes, contaminaci\u00f3n, cloro, exposici\u00f3n a los rayos UV del sol, etc. Nuestro cabello est\u00e1 constituido por fibrillas de queratina, por tanto la queratina [&hellip;]<\/p>\n","protected":false},"author":8,"featured_media":16339,"comment_status":"closed","ping_status":"open","sticky":false,"template":"","format":"standard","meta":{"_acf_changed":false,"inline_featured_image":false,"ocean_post_layout":"","ocean_both_sidebars_style":"","ocean_both_sidebars_content_width":0,"ocean_both_sidebars_sidebars_width":0,"ocean_sidebar":"0","ocean_second_sidebar":"0","ocean_disable_margins":"enable","ocean_add_body_class":"","ocean_shortcode_before_top_bar":"","ocean_shortcode_after_top_bar":"","ocean_shortcode_before_header":"","ocean_shortcode_after_header":"","ocean_has_shortcode":"","ocean_shortcode_after_title":"","ocean_shortcode_before_footer_widgets":"","ocean_shortcode_after_footer_widgets":"","ocean_shortcode_before_footer_bottom":"","ocean_shortcode_after_footer_bottom":"","ocean_display_top_bar":"default","ocean_display_header":"default","ocean_header_style":"","ocean_center_header_left_menu":"0","ocean_custom_header_template":"0","ocean_custom_logo":0,"ocean_custom_retina_logo":0,"ocean_custom_logo_max_width":0,"ocean_custom_logo_tablet_max_width":0,"ocean_custom_logo_mobile_max_width":0,"ocean_custom_logo_max_height":0,"ocean_custom_logo_tablet_max_height":0,"ocean_custom_logo_mobile_max_height":0,"ocean_header_custom_menu":"0","ocean_menu_typo_font_family":"0","ocean_menu_typo_font_subset":"","ocean_menu_typo_font_size":0,"ocean_menu_typo_font_size_tablet":0,"ocean_menu_typo_font_size_mobile":0,"ocean_menu_typo_font_size_unit":"px","ocean_menu_typo_font_weight":"","ocean_menu_typo_font_weight_tablet":"","ocean_menu_typo_font_weight_mobile":"","ocean_menu_typo_transform":"","ocean_menu_typo_transform_tablet":"","ocean_menu_typo_transform_mobile":"","ocean_menu_typo_line_height":0,"ocean_menu_typo_line_height_tablet":0,"ocean_menu_typo_line_height_mobile":0,"ocean_menu_typo_line_height_unit":"","ocean_menu_typo_spacing":0,"ocean_menu_typo_spacing_tablet":0,"ocean_menu_typo_spacing_mobile":0,"ocean_menu_typo_spacing_unit":"","ocean_menu_link_color":"","ocean_menu_link_color_hover":"","ocean_menu_link_color_active":"","ocean_menu_link_background":"","ocean_menu_link_hover_background":"","ocean_menu_link_active_background":"","ocean_menu_social_links_bg":"","ocean_menu_social_hover_links_bg":"","ocean_menu_social_links_color":"","ocean_menu_social_hover_links_color":"","ocean_disable_title":"default","ocean_disable_heading":"default","ocean_post_title":"","ocean_post_subheading":"","ocean_post_title_style":"","ocean_post_title_background_color":"","ocean_post_title_background":0,"ocean_post_title_bg_image_position":"","ocean_post_title_bg_image_attachment":"","ocean_post_title_bg_image_repeat":"","ocean_post_title_bg_image_size":"","ocean_post_title_height":0,"ocean_post_title_bg_overlay":0.5,"ocean_post_title_bg_overlay_color":"","ocean_disable_breadcrumbs":"default","ocean_breadcrumbs_color":"","ocean_breadcrumbs_separator_color":"","ocean_breadcrumbs_links_color":"","ocean_breadcrumbs_links_hover_color":"","ocean_display_footer_widgets":"default","ocean_display_footer_bottom":"default","ocean_custom_footer_template":"0","ocean_post_oembed":"","ocean_post_self_hosted_media":"","ocean_post_video_embed":"","ocean_link_format":"","ocean_link_format_target":"self","ocean_quote_format":"","ocean_quote_format_link":"post","ocean_gallery_link_images":"off","ocean_gallery_id":[],"footnotes":""},"categories":[98,800],"tags":[],"class_list":["post-16334","post","type-post","status-publish","format-standard","has-post-thumbnail","hentry","category-productos","category-ingredientes","entry","has-media"],"acf":[],"amp_enabled":true,"_links":{"self":[{"href":"https:\/\/anakena-cosmetics.cl\/en\/wp-json\/wp\/v2\/posts\/16334","targetHints":{"allow":["GET"]}}],"collection":[{"href":"https:\/\/anakena-cosmetics.cl\/en\/wp-json\/wp\/v2\/posts"}],"about":[{"href":"https:\/\/anakena-cosmetics.cl\/en\/wp-json\/wp\/v2\/types\/post"}],"author":[{"embeddable":true,"href":"https:\/\/anakena-cosmetics.cl\/en\/wp-json\/wp\/v2\/users\/8"}],"replies":[{"embeddable":true,"href":"https:\/\/anakena-cosmetics.cl\/en\/wp-json\/wp\/v2\/comments?post=16334"}],"version-history":[{"count":0,"href":"https:\/\/anakena-cosmetics.cl\/en\/wp-json\/wp\/v2\/posts\/16334\/revisions"}],"wp:featuredmedia":[{"embeddable":true,"href":"https:\/\/anakena-cosmetics.cl\/en\/wp-json\/wp\/v2\/media\/16339"}],"wp:attachment":[{"href":"https:\/\/anakena-cosmetics.cl\/en\/wp-json\/wp\/v2\/media?parent=16334"}],"wp:term":[{"taxonomy":"category","embeddable":true,"href":"https:\/\/anakena-cosmetics.cl\/en\/wp-json\/wp\/v2\/categories?post=16334"},{"taxonomy":"post_tag","embeddable":true,"href":"https:\/\/anakena-cosmetics.cl\/en\/wp-json\/wp\/v2\/tags?post=16334"}],"curies":[{"name":"wp","href":"https:\/\/api.w.org\/{rel}","templated":true}]}}