{"id":14773,"date":"2021-04-29T22:55:28","date_gmt":"2021-04-29T21:55:28","guid":{"rendered":"https:\/\/anakena-cosmetics.cl\/?p=14773"},"modified":"2026-09-04T00:16:42","modified_gmt":"2026-09-03T23:16:42","slug":"at-anakena-we-are-chile-brand","status":"publish","type":"post","link":"https:\/\/anakena-cosmetics.cl\/en\/en-anakena-somos-marca-chile\/","title":{"rendered":"AT ANAKENA WE ARE CHILE BRAND"},"content":{"rendered":"<p class=\"isSelectedEnd\">Anakena<sup>\u00ae<\/sup> \u2013 Natural Cosmetics is part of Marca Chile. For our brand, which originated in Rapa Nui, this distinction holds special significance: it recognizes a brand with a local identity, high quality, and national and international reach.<\/p>\n<p class=\"isSelectedEnd\">Marca Chile is the country brand managed by the Imagen de Chile Foundation. Its mission is to promote a positive and strong image of the country around the world, strengthen its reputation and competitiveness, and help create opportunities for Chile in areas such as exports, investment, attracting talent, and tourism.<\/p>\n<p class=\"isSelectedEnd\">Companies and organizations authorized to use the Marca Chile seal help, through their products and services, to build and promote the country\u2019s identity. That is why we are proud that Rapa Nui Natural Products EIRL, owner of Anakena \u2013 Natural Cosmetics, is authorized to use this seal and that our products represent Chile and, in a very special way, Rapa Nui.<\/p>\n<p class=\"isSelectedEnd\">To learn more about its work and how it promotes the country's identity, we invite you to visit the <a href=\"https:\/\/www.marcachile.cl\/\" rel=\"noopener\">Marca Chile's official website<\/a>.<\/p>\n<p class=\"isSelectedEnd\">We also invite you to read <a href=\"https:\/\/www.diarioconcepcion.cl\/economia\/2021\/04\/28\/region-del-biobio-38-empresas-ya-utilizan-la-marca-chile-para-promocionar-sus-productos.html\" rel=\"noopener\">This article from Diario Concepci\u00f3n about companies that use the \"Marca Chile\" brand<\/a>, in which Rapa Nui Natural Products is listed among the companies participating in the program.<\/p>\n<p><strong>\"Marca Chile\" is a symbol of who we are and of what we, from Rapa Nui, want to share with the world.<\/strong><\/p>\n<p><img fetchpriority=\"high\" decoding=\"async\" class=\"aligncenter wp-image-14780 size-large\" src=\"https:\/\/anakena-cosmetics.cl\/wp-content\/uploads\/2021\/04\/DSC_2989_bearbeitet_Foto-Gruppe-von-hinten_Marca-Chile-scaled-e1619771147291-1024x530.jpg\" alt=\"Chile cosmetics brand Anakena\" width=\"1024\" height=\"530\" srcset=\"https:\/\/anakena-cosmetics.cl\/wp-content\/uploads\/2021\/04\/DSC_2989_bearbeitet_Foto-Gruppe-von-hinten_Marca-Chile-scaled-e1619771147291-1024x530.jpg 1024w, https:\/\/anakena-cosmetics.cl\/wp-content\/uploads\/2021\/04\/DSC_2989_bearbeitet_Foto-Gruppe-von-hinten_Marca-Chile-scaled-e1619771147291-300x155.jpg 300w, https:\/\/anakena-cosmetics.cl\/wp-content\/uploads\/2021\/04\/DSC_2989_bearbeitet_Foto-Gruppe-von-hinten_Marca-Chile-scaled-e1619771147291-768x397.jpg 768w, https:\/\/anakena-cosmetics.cl\/wp-content\/uploads\/2021\/04\/DSC_2989_bearbeitet_Foto-Gruppe-von-hinten_Marca-Chile-scaled-e1619771147291-1536x794.jpg 1536w, https:\/\/anakena-cosmetics.cl\/wp-content\/uploads\/2021\/04\/DSC_2989_bearbeitet_Foto-Gruppe-von-hinten_Marca-Chile-scaled-e1619771147291-2048x1059.jpg 2048w\" sizes=\"(max-width: 1024px) 100vw, 1024px\" \/><\/p>","protected":false},"excerpt":{"rendered":"<p>Anakena\u00ae &#8211; Natural Cosmetics forma parte de Marca Chile. Para nuestra marca, nacida en Rapa Nui, esta distinci\u00f3n tiene un significado especial: reconoce una propuesta con identidad local, calidad y proyecci\u00f3n nacional e internacional. Marca Chile es la marca pa\u00eds gestionada por la Fundaci\u00f3n Imagen de Chile. Su misi\u00f3n es promover una imagen positiva y [&hellip;]<\/p>\n","protected":false},"author":8,"featured_media":14783,"comment_status":"closed","ping_status":"closed","sticky":false,"template":"","format":"standard","meta":{"_acf_changed":false,"inline_featured_image":false,"ocean_front_end_style_editor":"no","ocean_post_layout":"","ocean_both_sidebars_style":"","ocean_both_sidebars_content_width":0,"ocean_both_sidebars_sidebars_width":0,"ocean_sidebar":"0","ocean_second_sidebar":"0","ocean_disable_margins":"enable","ocean_add_body_class":"","ocean_shortcode_before_top_bar":"","ocean_shortcode_after_top_bar":"","ocean_shortcode_before_header":"","ocean_shortcode_after_header":"","ocean_has_shortcode":"","ocean_shortcode_after_title":"","ocean_shortcode_before_footer_widgets":"","ocean_shortcode_after_footer_widgets":"","ocean_shortcode_before_footer_bottom":"","ocean_shortcode_after_footer_bottom":"","ocean_display_top_bar":"default","ocean_display_header":"default","ocean_header_style":"","ocean_center_header_left_menu":"0","ocean_custom_header_template":"0","ocean_custom_logo":0,"ocean_custom_retina_logo":0,"ocean_custom_logo_max_width":0,"ocean_custom_logo_tablet_max_width":0,"ocean_custom_logo_mobile_max_width":0,"ocean_custom_logo_max_height":0,"ocean_custom_logo_tablet_max_height":0,"ocean_custom_logo_mobile_max_height":0,"ocean_header_custom_menu":"0","ocean_menu_typo_font_family":"0","ocean_menu_typo_font_subset":"","ocean_menu_typo_font_size":0,"ocean_menu_typo_font_size_tablet":0,"ocean_menu_typo_font_size_mobile":0,"ocean_menu_typo_font_size_unit":"px","ocean_menu_typo_font_weight":"","ocean_menu_typo_font_weight_tablet":"","ocean_menu_typo_font_weight_mobile":"","ocean_menu_typo_transform":"","ocean_menu_typo_transform_tablet":"","ocean_menu_typo_transform_mobile":"","ocean_menu_typo_line_height":0,"ocean_menu_typo_line_height_tablet":0,"ocean_menu_typo_line_height_mobile":0,"ocean_menu_typo_line_height_unit":"","ocean_menu_typo_spacing":0,"ocean_menu_typo_spacing_tablet":0,"ocean_menu_typo_spacing_mobile":0,"ocean_menu_typo_spacing_unit":"","ocean_menu_link_color":"","ocean_menu_link_color_hover":"","ocean_menu_link_color_active":"","ocean_menu_link_background":"","ocean_menu_link_hover_background":"","ocean_menu_link_active_background":"","ocean_menu_social_links_bg":"","ocean_menu_social_hover_links_bg":"","ocean_menu_social_links_color":"","ocean_menu_social_hover_links_color":"","ocean_disable_title":"default","ocean_disable_heading":"default","ocean_post_title":"","ocean_post_subheading":"","ocean_post_title_style":"","ocean_post_title_background_color":"","ocean_post_title_background":0,"ocean_post_title_bg_image_position":"","ocean_post_title_bg_image_attachment":"","ocean_post_title_bg_image_repeat":"","ocean_post_title_bg_image_size":"","ocean_post_title_height":0,"ocean_post_title_bg_overlay":0.5,"ocean_post_title_bg_overlay_color":"","ocean_disable_breadcrumbs":"default","ocean_breadcrumbs_color":"","ocean_breadcrumbs_separator_color":"","ocean_breadcrumbs_links_color":"","ocean_breadcrumbs_links_hover_color":"","ocean_display_footer_widgets":"default","ocean_display_footer_bottom":"default","ocean_custom_footer_template":"0","ocean_post_oembed":"","ocean_post_self_hosted_media":"","ocean_post_video_embed":"","ocean_link_format":"","ocean_link_format_target":"self","ocean_quote_format":"","ocean_quote_format_link":"post","ocean_gallery_link_images":"off","ocean_gallery_id":[],"footnotes":""},"categories":[100],"tags":[],"class_list":["post-14773","post","type-post","status-publish","format-standard","has-post-thumbnail","hentry","category-sellos","entry","has-media"],"acf":[],"amp_enabled":true,"_links":{"self":[{"href":"https:\/\/anakena-cosmetics.cl\/en\/wp-json\/wp\/v2\/posts\/14773","targetHints":{"allow":["GET"]}}],"collection":[{"href":"https:\/\/anakena-cosmetics.cl\/en\/wp-json\/wp\/v2\/posts"}],"about":[{"href":"https:\/\/anakena-cosmetics.cl\/en\/wp-json\/wp\/v2\/types\/post"}],"author":[{"embeddable":true,"href":"https:\/\/anakena-cosmetics.cl\/en\/wp-json\/wp\/v2\/users\/8"}],"replies":[{"embeddable":true,"href":"https:\/\/anakena-cosmetics.cl\/en\/wp-json\/wp\/v2\/comments?post=14773"}],"version-history":[{"count":2,"href":"https:\/\/anakena-cosmetics.cl\/en\/wp-json\/wp\/v2\/posts\/14773\/revisions"}],"predecessor-version":[{"id":30162,"href":"https:\/\/anakena-cosmetics.cl\/en\/wp-json\/wp\/v2\/posts\/14773\/revisions\/30162"}],"wp:featuredmedia":[{"embeddable":true,"href":"https:\/\/anakena-cosmetics.cl\/en\/wp-json\/wp\/v2\/media\/14783"}],"wp:attachment":[{"href":"https:\/\/anakena-cosmetics.cl\/en\/wp-json\/wp\/v2\/media?parent=14773"}],"wp:term":[{"taxonomy":"category","embeddable":true,"href":"https:\/\/anakena-cosmetics.cl\/en\/wp-json\/wp\/v2\/categories?post=14773"},{"taxonomy":"post_tag","embeddable":true,"href":"https:\/\/anakena-cosmetics.cl\/en\/wp-json\/wp\/v2\/tags?post=14773"}],"curies":[{"name":"wp","href":"https:\/\/api.w.org\/{rel}","templated":true}]}}